{"id":746,"date":"2014-04-06T21:14:35","date_gmt":"2014-04-06T19:14:35","guid":{"rendered":"http:\/\/choreichwalde.de\/?p=746"},"modified":"2018-05-20T18:56:07","modified_gmt":"2018-05-20T16:56:07","slug":"singen-macht-spass","status":"publish","type":"post","link":"https:\/\/choreichwalde.de\/?p=746","title":{"rendered":"Singen macht Spa\u00df"},"content":{"rendered":"<p>Viele Eltern, Verwandte und Freunde des Chores fanden am 06.04.2014 den Weg nach Schulzendorf in die Patronatskirche. Aufgeregte Kinder (und nicht minder deren Eltern) und Teenager schwirrten umher bis dann schwungvoll das Konzert des Kinder und Jugendchores Eichwalde begann. Liebevoll begleitet von Klaus Sedl am Klavier und unterst\u00fctzt von seinen Musikerkollegen Joachim Dette<br \/>\n(Kontrabass) und Matthias Lev (Schlagzeug) wurde es ein kurzweiliger Nachmittag auch durch die Darbietung unserer G\u00e4ste die Musikklasse des 7 Jahrgangs der Paul-Dessau-Gesamtschule.<br \/>\nSchwungvoll, s\u00fc\u00df, niedlich, tierisch, so k\u00f6nnte die \u00dcberschrift des ersten Blocks gelautet haben.<br \/>\nSchwungvoll, ja in den Liedern steckte Schwung und bekannt waren sie sicher. Von probier\u2019s mal mit Gem\u00fctlichkeit bis Lollipop, la cucaracha bis What shall we do- ja es gab auch einige neue St\u00fccke des Chores zu h\u00f6ren und- viele kleine neue S\u00e4nger. Niedlich, dass waren die J\u00fcngsten sicherlich, nicht nur, dass sie auch an ihren Instrumenten solistische Einlagen zeigten, nein auch die Lieder weckten auf. Und so war das Highlight am Ende des ersten Teils \u201e we will Rock you\u201c gesungen von Nick und rhythmisch unterst\u00fctzt vom Chor (und Publikum).<br \/>\nDie Musikklasse zeigte-trotz krankheitsbedingter Ausf\u00e4lle- ein breites Repertoire und somit konnten die Kleinsten schon mal sehen wohin ihre Reise gehen k\u00f6nnte, wenn sie weiter am Ball bleiben.<br \/>\nGemeinsam sangen beide Ch\u00f6re Lieder aus dem Film die Kinder des Monsieur Mathieu und Only Time von Enya. Schlie\u00dflich kam auch die Band zum Zuge- SedlMood-den Namen sollte man sich merken, spritzig, frech aber auch nachdenkliche St\u00fccke spielt das Trio, das sich aus Klaus Sedl, Joachim Dette und Matthias Lev zusammensetzt. Wer mehr von dieser Band h\u00f6ren m\u00f6chte kann Sie am 19.6 in der Patronatskirche erleben. Aber zur\u00fcck zum Chor\u2026. Spritzige Moderatoren rundeten das Programm ab. Am Ende konnte man doch das Leuchten in den Kinderaugen sehen und die Zugaben zeigten- es hat gefallen. Der Einladung zu unserer offenen Probe, die auch zum Kennenlernen genutzt werden sollte- kamen dann am Montag (7.4) viele interessierte Kinder nach.<br \/>\nEs hat wohl Spa\u00df gemacht, aber das sehen wir dann am n\u00e4chsten Montag- ob sie wohl wiederkommen?<br \/>\nWir suchen besonders Kinder im Alter von 8-14 Jahre, aber alle Anderen ob nun 6 oder 16 sind herzlich willkommen unsere n\u00e4chsten Auftritte stehen schon auf dem Kalender..<br \/>\nDanke an Alle, die uns vor und hinter der B\u00fchne unterst\u00fctzen.<br \/>\nSingen macht Spa\u00df!<br \/>\nInformationen bei Martina B\u00fcttner<\/p>\n","protected":false},"excerpt":{"rendered":"<p>Viele Eltern, Verwandte und Freunde des Chores fanden am 06.04.2014 den Weg nach Schulzendorf in die Patronatskirche. Aufgeregte Kinder (und nicht minder deren Eltern) und Teenager schwirrten umher bis dann schwungvoll das Konzert des Kinder und Jugendchores Eichwalde begann. Liebevoll begleitet von Klaus Sedl am Klavier und unterst\u00fctzt von seinen Musikerkollegen Joachim Dette (Kontrabass) und &hellip; <\/p>\n<p class=\"link-more\"><a href=\"https:\/\/choreichwalde.de\/?p=746\" class=\"more-link\"><span class=\"screen-reader-text\">\u201eSingen macht Spa\u00df\u201c<\/span> weiterlesen<\/a><\/p>\n","protected":false},"author":8,"featured_media":0,"comment_status":"closed","ping_status":"closed","sticky":false,"template":"","format":"standard","meta":{"footnotes":""},"categories":[1,5],"tags":[],"class_list":["post-746","post","type-post","status-publish","format-standard","hentry","category-uncategorized","category-kinder-und-jugendchor"],"_links":{"self":[{"href":"https:\/\/choreichwalde.de\/index.php?rest_route=\/wp\/v2\/posts\/746","targetHints":{"allow":["GET"]}}],"collection":[{"href":"https:\/\/choreichwalde.de\/index.php?rest_route=\/wp\/v2\/posts"}],"about":[{"href":"https:\/\/choreichwalde.de\/index.php?rest_route=\/wp\/v2\/types\/post"}],"author":[{"embeddable":true,"href":"https:\/\/choreichwalde.de\/index.php?rest_route=\/wp\/v2\/users\/8"}],"replies":[{"embeddable":true,"href":"https:\/\/choreichwalde.de\/index.php?rest_route=%2Fwp%2Fv2%2Fcomments&post=746"}],"version-history":[{"count":1,"href":"https:\/\/choreichwalde.de\/index.php?rest_route=\/wp\/v2\/posts\/746\/revisions"}],"predecessor-version":[{"id":747,"href":"https:\/\/choreichwalde.de\/index.php?rest_route=\/wp\/v2\/posts\/746\/revisions\/747"}],"wp:attachment":[{"href":"https:\/\/choreichwalde.de\/index.php?rest_route=%2Fwp%2Fv2%2Fmedia&parent=746"}],"wp:term":[{"taxonomy":"category","embeddable":true,"href":"https:\/\/choreichwalde.de\/index.php?rest_route=%2Fwp%2Fv2%2Fcategories&post=746"},{"taxonomy":"post_tag","embeddable":true,"href":"https:\/\/choreichwalde.de\/index.php?rest_route=%2Fwp%2Fv2%2Ftags&post=746"}],"curies":[{"name":"wp","href":"https:\/\/api.w.org\/{rel}","templated":true}]}}