{"id":719,"date":"2017-02-17T20:42:14","date_gmt":"2017-02-17T19:42:14","guid":{"rendered":"http:\/\/choreichwalde.de\/?p=719"},"modified":"2018-05-18T20:45:14","modified_gmt":"2018-05-18T18:45:14","slug":"liebeslieder-17-02-2017","status":"publish","type":"post","link":"https:\/\/choreichwalde.de\/?p=719","title":{"rendered":"Liebeslieder 17.02.2017"},"content":{"rendered":"<p style=\"text-align: justify;\">Der <strong>Gemischte Chor<\/strong> und die <strong>Instrumentalgruppe<\/strong> pr\u00e4sentierten am 17.02.2017 gemeinsam mit dem Gemischten Chor Ludwigsfelde in der Patronatskirche Schulzendorf ein Konzert mit dem Titel &#8222;Liebeslieder&#8220;. St\u00fccke von Johannes Brahms, Felix Mendelssohn Bartholdy und Ludwig van Beethoven brachten das Publikum zu Schwelgen. Gew\u00fcrzt wurde der Abend mit flotteren Songs wie dem Gassenhauer &#8222;Schuld war nur der Bossa Nova&#8220;. Die Instrumentalgruppe spielte zwei irische Traditionals und konnte so das Publikum f\u00fcr sich einnehmen. W\u00e4hrend die erste H\u00e4lfte des Abends noch von der Chorgemeinschaft Eichwalde allein gestaltet wurde, standen nach der Pause beide Ch\u00f6re f\u00fcr zwei Lieder gemeinsam auf der B\u00fchne. Besondere Begeisterung l\u00f6ste dabei das schwungvolle Lied &#8222;Darf ich um den n\u00e4chsten Tango bitten?&#8220; aus. Anschlie\u00dfend pr\u00e4sentierte der Gemischte Chor Ludwigsfelde eine wundersch\u00f6ne Auswahl aus seinem Repertoire und zog damit das Publikum in seinen Bann. Einen kr\u00f6nenden Abschluss fand das Konzert mit dem von beiden Ch\u00f6ren gemeinsam vorgetragenen Lied &#8222;In einem k\u00fchlen Grunde&#8220;. Zur Zugabe wechselten sich Tango und Boogie Woogie ab. Ein wirklich sch\u00f6ner Abend und eine gelungene Zusammenarbeit zweier Ch\u00f6re.<\/p>\n<h5 style=\"text-align: center;\"><strong>Ich liebe dich so wie du mich, am Abend und am Morgen. <\/strong><\/h5>\n<h5 style=\"text-align: center;\"><strong>Noch war kein Tag, wo du und ich nicht teilten unsre Sorgen.<\/strong><\/h5>\n<h6 style=\"text-align: center;\">Text: Karl Friedrich Wilhelm Herrosee (1754-1821)<\/h6>\n<p><img loading=\"lazy\" decoding=\"async\" class=\"alignnone size-full wp-image-2046\" src=\"https:\/\/choreichwalde.files.wordpress.com\/2017\/04\/sddfgs.jpg\" alt=\"sddfgs\" width=\"3725\" height=\"3478\" \/><img loading=\"lazy\" decoding=\"async\" class=\"alignnone size-full wp-image-2045\" src=\"https:\/\/choreichwalde.files.wordpress.com\/2017\/04\/ragaeg.jpg\" alt=\"ragaeg\" width=\"6000\" height=\"4000\" \/><img loading=\"lazy\" decoding=\"async\" class=\"alignnone size-full wp-image-2044\" src=\"https:\/\/choreichwalde.files.wordpress.com\/2017\/04\/ffgdsg.jpg\" alt=\"ffgdsg\" width=\"6000\" height=\"4000\" \/><img loading=\"lazy\" decoding=\"async\" class=\"alignnone size-full wp-image-2043\" src=\"https:\/\/choreichwalde.files.wordpress.com\/2017\/04\/erzw.jpg\" alt=\"erzw\" width=\"3607\" height=\"3952\" \/><img loading=\"lazy\" decoding=\"async\" class=\"alignnone size-full wp-image-2041\" src=\"https:\/\/choreichwalde.files.wordpress.com\/2017\/04\/dyfg.jpg\" alt=\"dyfg\" width=\"6000\" height=\"4000\" \/><img loading=\"lazy\" decoding=\"async\" class=\"alignnone size-full wp-image-2040\" src=\"https:\/\/choreichwalde.files.wordpress.com\/2017\/04\/dsgfadg.jpg\" alt=\"dsgfadg\" width=\"4993\" height=\"3965\" \/><img loading=\"lazy\" decoding=\"async\" class=\"alignnone size-full wp-image-2042\" src=\"https:\/\/choreichwalde.files.wordpress.com\/2017\/04\/dyfghgsdh.jpg\" alt=\"dyfghgsdh\" width=\"6000\" height=\"4000\" \/><img loading=\"lazy\" decoding=\"async\" class=\"alignnone size-full wp-image-2031\" src=\"https:\/\/choreichwalde.files.wordpress.com\/2017\/02\/hg.jpg\" alt=\"hg\" width=\"6000\" height=\"4000\" \/><img loading=\"lazy\" decoding=\"async\" class=\"alignnone size-full wp-image-2036\" src=\"https:\/\/choreichwalde.files.wordpress.com\/2017\/02\/jhgg.jpg\" alt=\"jhgg\" width=\"6000\" height=\"4000\" \/><img loading=\"lazy\" decoding=\"async\" class=\"alignnone size-full wp-image-2038\" src=\"https:\/\/choreichwalde.files.wordpress.com\/2017\/02\/kb.jpg\" alt=\"kb\" width=\"6000\" height=\"4000\" \/><img loading=\"lazy\" decoding=\"async\" class=\"alignnone size-full wp-image-2032\" src=\"https:\/\/choreichwalde.files.wordpress.com\/2017\/02\/hggcv.jpg\" alt=\"hggcv\" width=\"6000\" height=\"4000\" \/><img loading=\"lazy\" decoding=\"async\" class=\"alignnone size-full wp-image-2035\" src=\"https:\/\/choreichwalde.files.wordpress.com\/2017\/02\/jhg.jpg\" alt=\"jhg\" width=\"6000\" height=\"4000\" \/><img loading=\"lazy\" decoding=\"async\" class=\"alignnone size-full wp-image-2034\" src=\"https:\/\/choreichwalde.files.wordpress.com\/2017\/02\/hgv.jpg\" alt=\"hgv\" width=\"4000\" height=\"6000\" \/><img loading=\"lazy\" decoding=\"async\" class=\"alignnone size-full wp-image-2033\" src=\"https:\/\/choreichwalde.files.wordpress.com\/2017\/02\/hghgv.jpg\" alt=\"hghgv\" width=\"5236\" height=\"3758\" \/><img loading=\"lazy\" decoding=\"async\" class=\"alignnone size-full wp-image-2029\" src=\"https:\/\/choreichwalde.files.wordpress.com\/2017\/02\/ffw.jpg\" alt=\"ffw\" width=\"5455\" height=\"4000\" \/><img loading=\"lazy\" decoding=\"async\" class=\"alignnone size-full wp-image-2039\" src=\"https:\/\/choreichwalde.files.wordpress.com\/2017\/02\/sdff.jpg\" alt=\"sdff\" width=\"5653\" height=\"4000\" \/><img loading=\"lazy\" decoding=\"async\" class=\"alignnone size-full wp-image-2030\" src=\"https:\/\/choreichwalde.files.wordpress.com\/2017\/02\/ghv.jpg\" alt=\"ghv\" width=\"6000\" height=\"4000\" \/><\/p>\n","protected":false},"excerpt":{"rendered":"<p>Der Gemischte Chor und die Instrumentalgruppe pr\u00e4sentierten am 17.02.2017 gemeinsam mit dem Gemischten Chor Ludwigsfelde in der Patronatskirche Schulzendorf ein Konzert mit dem Titel &#8222;Liebeslieder&#8220;. St\u00fccke von Johannes Brahms, Felix Mendelssohn Bartholdy und Ludwig van Beethoven brachten das Publikum zu Schwelgen. Gew\u00fcrzt wurde der Abend mit flotteren Songs wie dem Gassenhauer &#8222;Schuld war nur der &hellip; <\/p>\n<p class=\"link-more\"><a href=\"https:\/\/choreichwalde.de\/?p=719\" class=\"more-link\"><span class=\"screen-reader-text\">\u201eLiebeslieder 17.02.2017\u201c<\/span> weiterlesen<\/a><\/p>\n","protected":false},"author":1,"featured_media":0,"comment_status":"closed","ping_status":"closed","sticky":false,"template":"","format":"standard","meta":{"footnotes":""},"categories":[7,6,1],"tags":[],"class_list":["post-719","post","type-post","status-publish","format-standard","hentry","category-gemischter-chor","category-instrumentalgruppe","category-uncategorized"],"_links":{"self":[{"href":"https:\/\/choreichwalde.de\/index.php?rest_route=\/wp\/v2\/posts\/719","targetHints":{"allow":["GET"]}}],"collection":[{"href":"https:\/\/choreichwalde.de\/index.php?rest_route=\/wp\/v2\/posts"}],"about":[{"href":"https:\/\/choreichwalde.de\/index.php?rest_route=\/wp\/v2\/types\/post"}],"author":[{"embeddable":true,"href":"https:\/\/choreichwalde.de\/index.php?rest_route=\/wp\/v2\/users\/1"}],"replies":[{"embeddable":true,"href":"https:\/\/choreichwalde.de\/index.php?rest_route=%2Fwp%2Fv2%2Fcomments&post=719"}],"version-history":[{"count":1,"href":"https:\/\/choreichwalde.de\/index.php?rest_route=\/wp\/v2\/posts\/719\/revisions"}],"predecessor-version":[{"id":720,"href":"https:\/\/choreichwalde.de\/index.php?rest_route=\/wp\/v2\/posts\/719\/revisions\/720"}],"wp:attachment":[{"href":"https:\/\/choreichwalde.de\/index.php?rest_route=%2Fwp%2Fv2%2Fmedia&parent=719"}],"wp:term":[{"taxonomy":"category","embeddable":true,"href":"https:\/\/choreichwalde.de\/index.php?rest_route=%2Fwp%2Fv2%2Fcategories&post=719"},{"taxonomy":"post_tag","embeddable":true,"href":"https:\/\/choreichwalde.de\/index.php?rest_route=%2Fwp%2Fv2%2Ftags&post=719"}],"curies":[{"name":"wp","href":"https:\/\/api.w.org\/{rel}","templated":true}]}}