{"id":717,"date":"2017-05-14T20:38:47","date_gmt":"2017-05-14T18:38:47","guid":{"rendered":"http:\/\/choreichwalde.de\/?p=717"},"modified":"2018-05-18T20:41:58","modified_gmt":"2018-05-18T18:41:58","slug":"fruehlingskonzert-14-05-2017","status":"publish","type":"post","link":"https:\/\/choreichwalde.de\/?p=717","title":{"rendered":"Fr\u00fchlingskonzert 14.05.2017"},"content":{"rendered":"<p>Der &#8222;Gemischte Chor&#8220; und die &#8222;Instrumentalgruppe&#8220; unserer Chorgemeinschaft hatten sich f\u00fcr ihr Fr\u00fchlingskonzert am 14.05.2017 den <a href=\"http:\/\/www.m\u00e4nnerchor-zeuthen.de\/\" target=\"_blank\" rel=\"noopener noreferrer\">M\u00e4nnerchor Zeuthen e.V.<\/a> eingeladen. In der evangelischen Kirche in Eichwalde wurden passende Lieder aus allen Epochen vorgetragen. Das Publikum zeigte sich begeistert von der Vielseitigkeit der drei Gruppen und ihren Liedern. Wir bedanken uns beim M\u00e4nnerchor Zeuthen e.V. f\u00fcr diesen sch\u00f6nen Auftritt.<\/p>\n<figure id=\"attachment_2199\" aria-describedby=\"caption-attachment-2199\" style=\"width: 1280px\" class=\"wp-caption alignnone\"><img loading=\"lazy\" decoding=\"async\" class=\"alignnone size-full wp-image-2199\" src=\"https:\/\/choreichwalde.files.wordpress.com\/2015\/11\/frc3bchlingskonzert2017-2.jpg\" alt=\"Fr\u00fchlingskonzert2017 (2)\" width=\"1280\" height=\"555\" \/><figcaption id=\"caption-attachment-2199\" class=\"wp-caption-text\">Fr\u00fchlingskonzert 14.05.2017 Evangelische Kirche Eichwalde<\/figcaption><\/figure>\n<p><img loading=\"lazy\" decoding=\"async\" class=\"alignnone size-full wp-image-2206\" src=\"https:\/\/choreichwalde.files.wordpress.com\/2017\/05\/frc3bchlingskonzert2017.jpg\" alt=\"Fr\u00fchlingskonzert2017\" width=\"1280\" height=\"951\" \/><img loading=\"lazy\" decoding=\"async\" class=\"alignnone size-full wp-image-2209\" src=\"https:\/\/choreichwalde.files.wordpress.com\/2017\/05\/img-20170514-wa00071.jpg\" alt=\"IMG-20170514-WA0007\" width=\"1226\" height=\"860\" \/><\/p>\n","protected":false},"excerpt":{"rendered":"<p>Der &#8222;Gemischte Chor&#8220; und die &#8222;Instrumentalgruppe&#8220; unserer Chorgemeinschaft hatten sich f\u00fcr ihr Fr\u00fchlingskonzert am 14.05.2017 den M\u00e4nnerchor Zeuthen e.V. eingeladen. In der evangelischen Kirche in Eichwalde wurden passende Lieder aus allen Epochen vorgetragen. Das Publikum zeigte sich begeistert von der Vielseitigkeit der drei Gruppen und ihren Liedern. Wir bedanken uns beim M\u00e4nnerchor Zeuthen e.V. f\u00fcr &hellip; <\/p>\n<p class=\"link-more\"><a href=\"https:\/\/choreichwalde.de\/?p=717\" class=\"more-link\"><span class=\"screen-reader-text\">\u201eFr\u00fchlingskonzert 14.05.2017\u201c<\/span> weiterlesen<\/a><\/p>\n","protected":false},"author":1,"featured_media":0,"comment_status":"closed","ping_status":"closed","sticky":false,"template":"","format":"standard","meta":{"footnotes":""},"categories":[7,6,1],"tags":[],"class_list":["post-717","post","type-post","status-publish","format-standard","hentry","category-gemischter-chor","category-instrumentalgruppe","category-uncategorized"],"_links":{"self":[{"href":"https:\/\/choreichwalde.de\/index.php?rest_route=\/wp\/v2\/posts\/717","targetHints":{"allow":["GET"]}}],"collection":[{"href":"https:\/\/choreichwalde.de\/index.php?rest_route=\/wp\/v2\/posts"}],"about":[{"href":"https:\/\/choreichwalde.de\/index.php?rest_route=\/wp\/v2\/types\/post"}],"author":[{"embeddable":true,"href":"https:\/\/choreichwalde.de\/index.php?rest_route=\/wp\/v2\/users\/1"}],"replies":[{"embeddable":true,"href":"https:\/\/choreichwalde.de\/index.php?rest_route=%2Fwp%2Fv2%2Fcomments&post=717"}],"version-history":[{"count":1,"href":"https:\/\/choreichwalde.de\/index.php?rest_route=\/wp\/v2\/posts\/717\/revisions"}],"predecessor-version":[{"id":718,"href":"https:\/\/choreichwalde.de\/index.php?rest_route=\/wp\/v2\/posts\/717\/revisions\/718"}],"wp:attachment":[{"href":"https:\/\/choreichwalde.de\/index.php?rest_route=%2Fwp%2Fv2%2Fmedia&parent=717"}],"wp:term":[{"taxonomy":"category","embeddable":true,"href":"https:\/\/choreichwalde.de\/index.php?rest_route=%2Fwp%2Fv2%2Fcategories&post=717"},{"taxonomy":"post_tag","embeddable":true,"href":"https:\/\/choreichwalde.de\/index.php?rest_route=%2Fwp%2Fv2%2Ftags&post=717"}],"curies":[{"name":"wp","href":"https:\/\/api.w.org\/{rel}","templated":true}]}}