{"id":708,"date":"2017-07-25T20:25:37","date_gmt":"2017-07-25T18:25:37","guid":{"rendered":"http:\/\/choreichwalde.de\/?p=708"},"modified":"2018-05-18T20:28:19","modified_gmt":"2018-05-18T18:28:19","slug":"zeesen-wird-475","status":"publish","type":"post","link":"https:\/\/choreichwalde.de\/?p=708","title":{"rendered":"Zeesen wird 475"},"content":{"rendered":"<p>Im Rahmen der Feierlichkeiten zum 475. Jubil\u00e4um des K\u00f6nigs Wusterhausener Ortsteils Zeesen musizierten beim Chortreffen am 23.07.2017 zw\u00f6lf Ch\u00f6re und die Schenkenland Big Band. Mit dabei war unser gemischter Chor der kurz vor seiner Sommerpause noch einige Highlights seines Repertoires  zum Besten gab.<\/p>\n<h1 id=\"firstHeading\" class=\"firstHeading\"><\/h1>\n","protected":false},"excerpt":{"rendered":"<p>Im Rahmen der Feierlichkeiten zum 475. Jubil\u00e4um des K\u00f6nigs Wusterhausener Ortsteils Zeesen musizierten beim Chortreffen am 23.07.2017 zw\u00f6lf Ch\u00f6re und die Schenkenland Big Band. Mit dabei war unser gemischter Chor der kurz vor seiner Sommerpause noch einige Highlights seines Repertoires zum Besten gab.<\/p>\n","protected":false},"author":1,"featured_media":0,"comment_status":"closed","ping_status":"closed","sticky":false,"template":"","format":"standard","meta":{"footnotes":""},"categories":[7,1],"tags":[],"class_list":["post-708","post","type-post","status-publish","format-standard","hentry","category-gemischter-chor","category-uncategorized"],"_links":{"self":[{"href":"https:\/\/choreichwalde.de\/index.php?rest_route=\/wp\/v2\/posts\/708","targetHints":{"allow":["GET"]}}],"collection":[{"href":"https:\/\/choreichwalde.de\/index.php?rest_route=\/wp\/v2\/posts"}],"about":[{"href":"https:\/\/choreichwalde.de\/index.php?rest_route=\/wp\/v2\/types\/post"}],"author":[{"embeddable":true,"href":"https:\/\/choreichwalde.de\/index.php?rest_route=\/wp\/v2\/users\/1"}],"replies":[{"embeddable":true,"href":"https:\/\/choreichwalde.de\/index.php?rest_route=%2Fwp%2Fv2%2Fcomments&post=708"}],"version-history":[{"count":1,"href":"https:\/\/choreichwalde.de\/index.php?rest_route=\/wp\/v2\/posts\/708\/revisions"}],"predecessor-version":[{"id":709,"href":"https:\/\/choreichwalde.de\/index.php?rest_route=\/wp\/v2\/posts\/708\/revisions\/709"}],"wp:attachment":[{"href":"https:\/\/choreichwalde.de\/index.php?rest_route=%2Fwp%2Fv2%2Fmedia&parent=708"}],"wp:term":[{"taxonomy":"category","embeddable":true,"href":"https:\/\/choreichwalde.de\/index.php?rest_route=%2Fwp%2Fv2%2Fcategories&post=708"},{"taxonomy":"post_tag","embeddable":true,"href":"https:\/\/choreichwalde.de\/index.php?rest_route=%2Fwp%2Fv2%2Ftags&post=708"}],"curies":[{"name":"wp","href":"https:\/\/api.w.org\/{rel}","templated":true}]}}