{"id":705,"date":"2017-09-23T20:23:36","date_gmt":"2017-09-23T18:23:36","guid":{"rendered":"http:\/\/choreichwalde.de\/?p=705"},"modified":"2018-05-18T20:25:35","modified_gmt":"2018-05-18T18:25:35","slug":"musikfest-berlin-23-09-2017","status":"publish","type":"post","link":"https:\/\/choreichwalde.de\/?p=705","title":{"rendered":"Musikfest Berlin 23.09.2017"},"content":{"rendered":"<p style=\"text-align: justify;\">Der Verein zur F\u00f6rderung der Zupfmusik e.V. folgte einer schon l\u00e4nger w\u00e4hrenden Tradition im Land Brandenburg und hat zu einem gro\u00dfen Musikfest, das dieses Mal in Berlin-Charlottenburg stattfand, eingeladen. Dieses Fest wurde durch die Organisatoren perfekt vorbereitet. 11 Orchester aus 4 Bundesl\u00e4ndern mit 160 Musikern folgten dieser Einladung in die evangelische Luisenkirche in Alt-Lietzow und pr\u00e4sentierten sich mit einer breiten musikalischen Palette ihres K\u00f6nnens.<\/p>\n<p style=\"text-align: justify;\">Die In<img loading=\"lazy\" decoding=\"async\" class=\" wp-image-2350 alignleft\" src=\"https:\/\/choreichwalde.files.wordpress.com\/2017\/09\/musikfest3a.jpg\" alt=\"Musikfest3a\" width=\"453\" height=\"302\" \/>strumentalgruppe der Chorgemeinschaft Eichwalde e.V. war hier mit 15 Musikern vertreten. Schon \u00fcber ein halbes Jahr haben sich alle Teilnehmer auf dieses gro\u00dfe Ereignis unter der Leitung ihrer Dirigentin Saskia Sellnau intensiv und auch mit zus\u00e4tzlichen Sonderproben vorbereitet.<\/p>\n<p style=\"text-align: justify;\">Zun\u00e4chst spielten 8 Orchester getrennt jeweils 3-4 Musikst\u00fccke aus ihrem eigenen Repertoire. Die gro\u00dfe Vielfalt und Individualit\u00e4t dieser Orchestersparte, die vorwiegend aus Mandolinen, Mandola, Gitarren und Violinen besteht, wurde dabei eindrucksvoll pr\u00e4sentiert. Die Instrumentalgruppe Eichwalde bildete dabei mit ihrer Zusammensetzung eine Ausnahme. Sie spielten zu den bereits genannten Instrumenten zus\u00e4tzlich noch mit Blockfl\u00f6ten, Klavier, Mundharmonika, Glockenspiel und Perkussion. Unserer Instrumentalgruppe gelang es mit ihren 4 St\u00fccken, das Publikum zu begeistern und <img loading=\"lazy\" decoding=\"async\" class=\" wp-image-2348 alignright\" src=\"https:\/\/choreichwalde.files.wordpress.com\/2017\/09\/musikfest-foto-11.jpeg\" alt=\"Musikfest Foto 1\" width=\"360\" height=\"240\" \/>mitzunehmen. Besonders beim letzten Titel, dem \u201eCan-Can\u201c von Jaques Offenbach aus Orpheus in der Unterwelt, sprang der Funke vollends \u00fcber. Das St\u00fcck wurde mit Klatschen durch das Publikum begleitet und anschlie\u00dfend mit kr\u00e4ftigem Beifall honoriert. Ein wirklich sch\u00f6ner Erfolg f\u00fcr die Instrumentalgruppe und der Lohn f\u00fcr intensive Probenarbeit !<\/p>\n<p style=\"text-align: justify;\">Den H\u00f6hepunkt des Musikfestes bildete dann abschlie\u00dfend das gemeinsame Spiel aller 160 Musiker unter der Leitung von Michael Kubik. Es wurde die Ouvert\u00fcre A-Dur op. 1 von Konrad W\u00f6lki zur Auff\u00fchrung gebracht. Dieses Musikst\u00fcck wurde in Vorbereitung auf diese Veranstaltung von allen Teilnehmern einstudiert. Es klappte dann auch alles, trotz der inneren Aufregung einiger, sehr gut. Es war ein ph\u00e4nomenales Klangerlebnis in einer modernen Kirche mit toller Akustik.<\/p>\n<p style=\"text-align: justify;\"><span style=\"text-decoration: underline;\">Das Fazit:<\/span> Es war eine au\u00dfergew\u00f6hnliche und sehr gelungene Veranstaltung, die besonders den Mitwirkenden viel Freude bereitet hat und sie zurecht mit Stolz auf das Erreichte erf\u00fcllt.<\/p>\n<p>Gabi Reimann<\/p>\n<p><img loading=\"lazy\" decoding=\"async\" class=\" size-full wp-image-2349 aligncenter\" src=\"https:\/\/choreichwalde.files.wordpress.com\/2017\/09\/musikfest2a.jpg\" alt=\"Musikfest2a\" width=\"2000\" height=\"1333\" \/><\/p>\n<p><img loading=\"lazy\" decoding=\"async\" class=\" wp-image-2330 aligncenter\" src=\"https:\/\/choreichwalde.files.wordpress.com\/2017\/03\/plakat-musikfest_2017-gr.jpg\" alt=\"plakat-musikfest_2017-gr\" width=\"418\" height=\"592\" \/><\/p>\n","protected":false},"excerpt":{"rendered":"<p>Der Verein zur F\u00f6rderung der Zupfmusik e.V. folgte einer schon l\u00e4nger w\u00e4hrenden Tradition im Land Brandenburg und hat zu einem gro\u00dfen Musikfest, das dieses Mal in Berlin-Charlottenburg stattfand, eingeladen. Dieses Fest wurde durch die Organisatoren perfekt vorbereitet. 11 Orchester aus 4 Bundesl\u00e4ndern mit 160 Musikern folgten dieser Einladung in die evangelische Luisenkirche in Alt-Lietzow und &hellip; <\/p>\n<p class=\"link-more\"><a href=\"https:\/\/choreichwalde.de\/?p=705\" class=\"more-link\"><span class=\"screen-reader-text\">\u201eMusikfest Berlin 23.09.2017\u201c<\/span> weiterlesen<\/a><\/p>\n","protected":false},"author":1,"featured_media":0,"comment_status":"closed","ping_status":"closed","sticky":false,"template":"","format":"standard","meta":{"footnotes":""},"categories":[6,1],"tags":[],"class_list":["post-705","post","type-post","status-publish","format-standard","hentry","category-instrumentalgruppe","category-uncategorized"],"_links":{"self":[{"href":"https:\/\/choreichwalde.de\/index.php?rest_route=\/wp\/v2\/posts\/705","targetHints":{"allow":["GET"]}}],"collection":[{"href":"https:\/\/choreichwalde.de\/index.php?rest_route=\/wp\/v2\/posts"}],"about":[{"href":"https:\/\/choreichwalde.de\/index.php?rest_route=\/wp\/v2\/types\/post"}],"author":[{"embeddable":true,"href":"https:\/\/choreichwalde.de\/index.php?rest_route=\/wp\/v2\/users\/1"}],"replies":[{"embeddable":true,"href":"https:\/\/choreichwalde.de\/index.php?rest_route=%2Fwp%2Fv2%2Fcomments&post=705"}],"version-history":[{"count":2,"href":"https:\/\/choreichwalde.de\/index.php?rest_route=\/wp\/v2\/posts\/705\/revisions"}],"predecessor-version":[{"id":707,"href":"https:\/\/choreichwalde.de\/index.php?rest_route=\/wp\/v2\/posts\/705\/revisions\/707"}],"wp:attachment":[{"href":"https:\/\/choreichwalde.de\/index.php?rest_route=%2Fwp%2Fv2%2Fmedia&parent=705"}],"wp:term":[{"taxonomy":"category","embeddable":true,"href":"https:\/\/choreichwalde.de\/index.php?rest_route=%2Fwp%2Fv2%2Fcategories&post=705"},{"taxonomy":"post_tag","embeddable":true,"href":"https:\/\/choreichwalde.de\/index.php?rest_route=%2Fwp%2Fv2%2Ftags&post=705"}],"curies":[{"name":"wp","href":"https:\/\/api.w.org\/{rel}","templated":true}]}}