{"id":703,"date":"2017-10-01T20:20:19","date_gmt":"2017-10-01T18:20:19","guid":{"rendered":"http:\/\/choreichwalde.de\/?p=703"},"modified":"2018-05-18T20:23:17","modified_gmt":"2018-05-18T18:23:17","slug":"probewochenende-gemischter-chor","status":"publish","type":"post","link":"https:\/\/choreichwalde.de\/?p=703","title":{"rendered":"Probewochenende  &#8211; Gemischter Chor"},"content":{"rendered":"<p><strong>Probenwochenende 07.\/08.10. Kiez H\u00f6lzerner See<\/strong><\/p>\n<h6 style=\"text-align: justify;\">Bericht von Dorit Schulze<\/h6>\n<p style=\"text-align: justify;\">In den Gesch\u00e4ften ist schon lange die Weihnachtszeit angebrochen, nun auch bei uns intensiv an diesem Wochenende.<\/p>\n<p style=\"text-align: justify;\"><img loading=\"lazy\" decoding=\"async\" class=\" wp-image-2464 alignright\" src=\"https:\/\/choreichwalde.files.wordpress.com\/2018\/01\/herbst.jpg\" alt=\"herbst\" width=\"405\" height=\"292\" \/>Der Herbststurm Xavier hat ordentlich in unserer Region gew\u00fctet. Die Sch\u00e4den an den B\u00e4umen konnten wir auf der Fahrt in den Kiez deutlich sehen. Auch dort auf dem Gel\u00e4nde hatte es einige B\u00e4ume arg getroffen. Das sollte uns in unserem Vorhaben aber nicht bremsen. Die Wege waren frei zug\u00e4nglich, lediglich der Spaziergang auf dem Gel\u00e4nde und im benachbarten Wald musste mit Umsicht erfolgen.<\/p>\n<p style=\"text-align: justify;\">Alle schafften es p\u00fcnktlich anzureisen und hatten so im Vorfeld die M\u00f6glichkeit, schon ihr Zimmer zu beziehen. Gut ausgeruht und mit morgendlichem Elan ging es dann um 10:00 Uhr los. Die St\u00fchle waren gestellt, man hat sich sortiert, das Klavier wurde in Position gebracht und dann ging es los.<\/p>\n<p style=\"text-align: justify;\">Mit gymnastischen \u00dcbungen wurden wie immer die Knochen und Muskeln in Einklang gebracht, vor es dann an die Stimme ging. Mit Atem\u00fcbung und zarten Tonversuchen ging es weiter bis ein erster harmonischer Klang und sp\u00e4ter dann auch Lieder \u00fcber unsere Lippen kamen.<\/p>\n<p style=\"text-align: justify;\"><img loading=\"lazy\" decoding=\"async\" class=\" wp-image-2465 alignleft\" src=\"https:\/\/choreichwalde.files.wordpress.com\/2018\/01\/probe.jpg\" alt=\"probe\" width=\"357\" height=\"261\" \/>Unsere beiden Dirigenten hatten im Vorfeld einen Probenplan erstellt, der nun abgearbeitet wurde. Es waren alte und neue Lieder, die zum Klingen gebracht wurden.<\/p>\n<p style=\"text-align: justify;\">Bei den neuen Liedern \u2013 A la nanita nana und Weihnachtsquodlibet gab es erste H\u00f6rproben am Klavier, dann wurde langsam begonnen Stimme f\u00fcr Stimme erste Zeilen zu erlernen. Das wurde dann im Laufe des Tages in getrennten Stimmproben intensiviert und bei den gemeinsamen Proben zusammengetragen.<\/p>\n<p style=\"text-align: justify;\">In den getrennten Proben nahmen sich Wechselseitig mal Tobias oder Saskia nur der Frauen oder M\u00e4nner an. Das fordert auch uns S\u00e4nger wechselseitig auf den Dirigenten zu achten.<\/p>\n<p style=\"text-align: justify;\"><img loading=\"lazy\" decoding=\"async\" class=\" wp-image-2467 alignright\" src=\"https:\/\/choreichwalde.files.wordpress.com\/2018\/01\/see.jpg\" alt=\"see\" width=\"325\" height=\"255\" \/>Die Mittagspause wurde nicht nur zum Essen genutzt. Endlich freie Zeit, die man auch mal zum Schwatzen, Reden oder einfach auch mal Zuh\u00f6ren nutzen konnte. Das Wetter lud ein, wie all die Jahre zuvor, den Kopf frei zu bekommen bei einem Spaziergang an der frischen Luft durch den nahen Wald oder einfach den Blick schweifen lassen \u00fcber den See und die Seele baumeln lassen.<\/p>\n<p style=\"text-align: justify;\">K\u00f6rperlich und geistig gest\u00e4rkt ging es dann am Nachmittag weiter. Mit einer kurzen Unterbrechung \u2013 Kaffeepause. Diese muss sein, denn neben Kaffee und etwas S\u00fc\u00dfem gab es auch leckeren selbstgebackenen Kuchen von einigen S\u00e4ngern. Und der schmeckte, mhhh, echt lecker!!!!<\/p>\n<p style=\"text-align: justify;\">Danach folgte der letzte Probenabschnitt f\u00fcr den Tag. Die Konzentration lie\u00df schon etwas nach, aber mit vereinten Kr\u00e4ften meisterten wir es bis zum Schluss. Jeder war froh, wie gut er es gepackt hatte, die Fortschritte beim Erlernen des neuen Liedgutes bzw. was noch Vorhandenem bei den \u00e4lteren Liedern, als der Staub von der pers\u00f6nlichen Festplatte entfernt wurde.<\/p>\n<p style=\"text-align: justify;\">Angenehm geschafft lie\u00dfen wir uns das Abendbrot schmecken. Bei einem erholsamen Gang an der frischen Luft wurden die letzten Lebensgeister geweckt.<\/p>\n<p style=\"text-align: justify;\">Gem\u00fctlich ging es dann bei zum Teil geistreichen Getr\u00e4nken in den Abend und in die Nacht. Es wurde gespielt, erz\u00e4hlt und gelacht und auch getanzt.<\/p>\n<p style=\"text-align: justify;\"><img loading=\"lazy\" decoding=\"async\" class=\" wp-image-2466 alignleft\" src=\"https:\/\/choreichwalde.files.wordpress.com\/2018\/01\/probe2.jpg\" alt=\"probe2\" width=\"366\" height=\"272\" \/>Am n\u00e4chsten Morgen ging es streng nach Probenplan weiter. Das neu erlernte wurde gefestigt. Bei ersten Liedern wurde am Ausdruck gefeilt. Die kleine Gruppe gab Einblicke in ihr Repertoire f\u00fcr die Weihnachtszeit ebenso die Instrumentalgruppe. Alle m\u00fcssen noch flei\u00dfig weiter \u00fcben, aber mit der intensiven gemeinsamen Zeit, wurde ein solider Grundstock f\u00fcr die bevorstehenden Konzerte in der Adventszeit geschaffen.<\/p>\n<p style=\"text-align: justify;\">Mit einem gewissen Stolz \u00fcber das Geschaffte bin ich und vermutlich auch etliche andere S\u00e4nger nach Hause gefahren.<\/p>\n<p>&nbsp;<\/p>\n","protected":false},"excerpt":{"rendered":"<p>Probenwochenende 07.\/08.10. Kiez H\u00f6lzerner See Bericht von Dorit Schulze In den Gesch\u00e4ften ist schon lange die Weihnachtszeit angebrochen, nun auch bei uns intensiv an diesem Wochenende. Der Herbststurm Xavier hat ordentlich in unserer Region gew\u00fctet. Die Sch\u00e4den an den B\u00e4umen konnten wir auf der Fahrt in den Kiez deutlich sehen. Auch dort auf dem Gel\u00e4nde &hellip; <\/p>\n<p class=\"link-more\"><a href=\"https:\/\/choreichwalde.de\/?p=703\" class=\"more-link\"><span class=\"screen-reader-text\">\u201eProbewochenende  &#8211; Gemischter Chor\u201c<\/span> weiterlesen<\/a><\/p>\n","protected":false},"author":1,"featured_media":0,"comment_status":"closed","ping_status":"closed","sticky":false,"template":"","format":"standard","meta":{"footnotes":""},"categories":[7,1],"tags":[],"class_list":["post-703","post","type-post","status-publish","format-standard","hentry","category-gemischter-chor","category-uncategorized"],"_links":{"self":[{"href":"https:\/\/choreichwalde.de\/index.php?rest_route=\/wp\/v2\/posts\/703","targetHints":{"allow":["GET"]}}],"collection":[{"href":"https:\/\/choreichwalde.de\/index.php?rest_route=\/wp\/v2\/posts"}],"about":[{"href":"https:\/\/choreichwalde.de\/index.php?rest_route=\/wp\/v2\/types\/post"}],"author":[{"embeddable":true,"href":"https:\/\/choreichwalde.de\/index.php?rest_route=\/wp\/v2\/users\/1"}],"replies":[{"embeddable":true,"href":"https:\/\/choreichwalde.de\/index.php?rest_route=%2Fwp%2Fv2%2Fcomments&post=703"}],"version-history":[{"count":1,"href":"https:\/\/choreichwalde.de\/index.php?rest_route=\/wp\/v2\/posts\/703\/revisions"}],"predecessor-version":[{"id":704,"href":"https:\/\/choreichwalde.de\/index.php?rest_route=\/wp\/v2\/posts\/703\/revisions\/704"}],"wp:attachment":[{"href":"https:\/\/choreichwalde.de\/index.php?rest_route=%2Fwp%2Fv2%2Fmedia&parent=703"}],"wp:term":[{"taxonomy":"category","embeddable":true,"href":"https:\/\/choreichwalde.de\/index.php?rest_route=%2Fwp%2Fv2%2Fcategories&post=703"},{"taxonomy":"post_tag","embeddable":true,"href":"https:\/\/choreichwalde.de\/index.php?rest_route=%2Fwp%2Fv2%2Ftags&post=703"}],"curies":[{"name":"wp","href":"https:\/\/api.w.org\/{rel}","templated":true}]}}