{"id":697,"date":"2017-12-18T20:07:15","date_gmt":"2017-12-18T19:07:15","guid":{"rendered":"http:\/\/choreichwalde.de\/?p=697"},"modified":"2018-05-20T18:54:19","modified_gmt":"2018-05-20T16:54:19","slug":"geschafft","status":"publish","type":"post","link":"https:\/\/choreichwalde.de\/?p=697","title":{"rendered":"Geschafft!"},"content":{"rendered":"<p style=\"text-align: justify;\">Auch der Kinder- und Jugendchor, die Rasselbande und GosPop haben ihren Weihnachtsmarathon geschafft. Sie k\u00f6nnen stolz auf ihre Arbeit sein. In etlichen Konzerten und Auftritten begeisterten sie ihr Publikum.<\/p>\n<p style=\"text-align: justify;\">Den Anfang machte der Kinder- und Jugendchor nach einigen Jahren Pause beim eichwalder Adventssingen am ersten Advent. Dort gaben sie, wie auch die Instrumentalgruppe und der Gemischte Chor der Chorgemeinschaft Eichwalde e.V., eine kleine Kostprobe ihrer Arbeit. Am zweiten Advent folgte dann das gro\u00dfe Adventskonzert in der ausverkauften Patronatskirche, wo auch die Rasselbande und GosPop im Programm mitwirkten. Es war eine gute Mischung bei der auch Klaus Sedl wieder mitwirkte. Neue Lieder waren dabei, aus Filmen wie &#8222;Der Polarexpress&#8220;, &#8222;Kevin allein zu Haus&#8220; und &#8222;Frozen&#8220;. Altbekanntes und klassische St\u00fccke wie &#8222;christmas lullaby&#8220; von John Rutter durften genau wie unsere Gospel nicht fehlen. Die Kleinsten besangen ihre Weihnachtsw\u00fcnsche und GosPop begab sich auf den Spuren von Boney M mit dem Klassiker \u201cMarys Boychild&#8220;.<\/p>\n<p style=\"text-align: justify;\"><img loading=\"lazy\" decoding=\"async\" class=\" wp-image-2426 aligncenter\" src=\"https:\/\/choreichwalde.files.wordpress.com\/2017\/12\/img-20171216-wa0003.jpg\" alt=\"IMG-20171216-WA0003\" width=\"416\" height=\"312\" \/>Am 15.12.2017 war ein gro\u00dfer Teil des Kinder- und Jugendchores zum dritten Mal Gast beim Weihnachtskonzert von Vicky Leandros in der Ged\u00e4chtniskirche in Berlin. Drei Lieder wurden <img loading=\"lazy\" decoding=\"async\" class=\" wp-image-2427 alignright\" src=\"https:\/\/choreichwalde.files.wordpress.com\/2017\/12\/img-20171216-wa0004.jpg\" alt=\"IMG-20171216-WA0004\" width=\"262\" height=\"148\" \/>im Finale zusammen gesungen. Das K\u00fcsschen auf die Wande durch die S\u00e4ngerin wird sicher niemand vergessen.<\/p>\n<p style=\"text-align: justify;\"><img loading=\"lazy\" decoding=\"async\" class=\" wp-image-2428 alignleft\" src=\"https:\/\/choreichwalde.files.wordpress.com\/2017\/12\/img-20171216-wa0005.jpg\" alt=\"IMG-20171216-WA0005\" width=\"318\" height=\"318\" \/><\/p>\n<p style=\"text-align: justify;\">Am n\u00e4chsten Morgen trafen sich dann alle im A 10 Center zu ihrem Saisonabschluss. Dort konnten auch Lieder pr\u00e4sentiert werden, die nicht in den Konzerten gesungen wurden. Viele Fans sorgten f\u00fcr eine tolle Stimmung.<\/p>\n<p style=\"text-align: justify;\"><img loading=\"lazy\" decoding=\"async\" class=\" wp-image-2429 alignright\" src=\"https:\/\/choreichwalde.files.wordpress.com\/2017\/12\/img-20171216-wa0006.jpg\" alt=\"IMG-20171216-WA0006\" width=\"393\" height=\"233\" \/>Wir bedanken uns bei allen Freunden, Familien, Sponsoren und F\u00f6rderern, den Gemeinden und dem Landkreis LDS, den kleinen und gro\u00dfen S\u00e4ngern und der Chorgemeinschaft Eichwalde e.V. f\u00fcr ein erfolgreiches Jahr 2017.<\/p>\n<p style=\"text-align: center;\"><strong>Frohe Weihnachten und einen guten Rutsch in 2018<\/strong><\/p>\n<p style=\"text-align: justify;\">P.S. Die Proben im neuen Jahr beginnen wieder am 2.1.2018 f\u00fcr GosPop und am 8.1.2018 f\u00fcr die Rasselbande und dem Kinder- und Jugendchor.<\/p>\n","protected":false},"excerpt":{"rendered":"<p>Auch der Kinder- und Jugendchor, die Rasselbande und GosPop haben ihren Weihnachtsmarathon geschafft. Sie k\u00f6nnen stolz auf ihre Arbeit sein. In etlichen Konzerten und Auftritten begeisterten sie ihr Publikum. Den Anfang machte der Kinder- und Jugendchor nach einigen Jahren Pause beim eichwalder Adventssingen am ersten Advent. Dort gaben sie, wie auch die Instrumentalgruppe und der &hellip; <\/p>\n<p class=\"link-more\"><a href=\"https:\/\/choreichwalde.de\/?p=697\" class=\"more-link\"><span class=\"screen-reader-text\">\u201eGeschafft!\u201c<\/span> weiterlesen<\/a><\/p>\n","protected":false},"author":8,"featured_media":0,"comment_status":"closed","ping_status":"closed","sticky":false,"template":"","format":"standard","meta":{"footnotes":""},"categories":[20,1,5],"tags":[],"class_list":["post-697","post","type-post","status-publish","format-standard","hentry","category-gospop","category-uncategorized","category-kinder-und-jugendchor"],"_links":{"self":[{"href":"https:\/\/choreichwalde.de\/index.php?rest_route=\/wp\/v2\/posts\/697","targetHints":{"allow":["GET"]}}],"collection":[{"href":"https:\/\/choreichwalde.de\/index.php?rest_route=\/wp\/v2\/posts"}],"about":[{"href":"https:\/\/choreichwalde.de\/index.php?rest_route=\/wp\/v2\/types\/post"}],"author":[{"embeddable":true,"href":"https:\/\/choreichwalde.de\/index.php?rest_route=\/wp\/v2\/users\/8"}],"replies":[{"embeddable":true,"href":"https:\/\/choreichwalde.de\/index.php?rest_route=%2Fwp%2Fv2%2Fcomments&post=697"}],"version-history":[{"count":1,"href":"https:\/\/choreichwalde.de\/index.php?rest_route=\/wp\/v2\/posts\/697\/revisions"}],"predecessor-version":[{"id":698,"href":"https:\/\/choreichwalde.de\/index.php?rest_route=\/wp\/v2\/posts\/697\/revisions\/698"}],"wp:attachment":[{"href":"https:\/\/choreichwalde.de\/index.php?rest_route=%2Fwp%2Fv2%2Fmedia&parent=697"}],"wp:term":[{"taxonomy":"category","embeddable":true,"href":"https:\/\/choreichwalde.de\/index.php?rest_route=%2Fwp%2Fv2%2Fcategories&post=697"},{"taxonomy":"post_tag","embeddable":true,"href":"https:\/\/choreichwalde.de\/index.php?rest_route=%2Fwp%2Fv2%2Ftags&post=697"}],"curies":[{"name":"wp","href":"https:\/\/api.w.org\/{rel}","templated":true}]}}