{"id":688,"date":"2018-04-23T19:53:58","date_gmt":"2018-04-23T17:53:58","guid":{"rendered":"http:\/\/choreichwalde.de\/?p=688"},"modified":"2018-05-18T19:57:36","modified_gmt":"2018-05-18T17:57:36","slug":"fruehlingskonzert-am-14-04-2018","status":"publish","type":"post","link":"https:\/\/choreichwalde.de\/?p=688","title":{"rendered":"Fr\u00fchlingskonzert am 14.04.2018"},"content":{"rendered":"<p style=\"text-align: left;\">Der gemischte Chor und die Instrumentalgruppe der Chorgemeinschaft\u00a0 Eichwalde hatten zum Fr\u00fchlingskonzert eingeladen, das die Instrumentalgruppe mit einem interessanten Arrangement ihrer Leiterin Saskia Sellnau zum Lied \u201eSo treiben wir den Winter aus\u201c begann. Dieses Lied wurde bereits im 16. Jahrhundert am Sonntag L\u00e4tare, dem 4. Sonntag in der Fastenzeit, der mit Todaustragen und Sommereinholen als Fr\u00fchlingsbeginn gefeiert wurde, gesungen. Haydn`s \u201eKomm, holder Lenz\u201c sowie weitere Fr\u00fchlings- und Liebeslieder schlossen sich an. Katrin M\u00fcller f\u00fchrte wieder einmal mit einer interessanten Moderation durch das Programm, wobei das Publikum interessante Details zu Liedern, Komponisten und Textern erfuhr. Die Quartette \u201eDie Nachtigall\u201c und \u201eFeinlieb, du hast mich g`fangen\u201c wurden von wenigen Solisten einf\u00fchlsam gesungen. Saskia Sellnau zeigte gemeinsam mit dem Chorleiter Tobias Majewski am Klavier, das man die Humoresque von A. Dvo\u0159\u00e1k auch sehr gut mit der Querfl\u00f6te und Klavier spielen kann. Die Kleine Gruppe unter der Leitung von Saskia Sellnau sang einf\u00fchlsame und nachdenkliche Lieder. Insgesamt war es ein Ruf an den Fr\u00fchling, der hoffentlich geh\u00f6rt wurde. Jedenfalls hat die Instrumentalgruppe mit Saskias Liedarrangement \u201eDer Fr\u00fchling hat sich eingestellt\u201c das Publikum zum Lachen gebracht. Den Abschluss des Konzertes bildete das Lied \u201eHab mein Wage vollgelade\u201c und damit steht der Fahrt in den Fr\u00fchling nichts mehr im Wege. Das Jahr wird schnell vergehen, bereitet sich die Chorgemeinschaft Eichwalde doch darauf vor, 2019 ihr 100j\u00e4hriges Bestehen zu feiern. Aber dieses Jahr feiert erst einmal der Kinder- und Jugendchor am 23.06.2018 um 17 Uhr mit einem Konzert in der Radelandhalle Eichwalde sein 10j\u00e4hriges Bestehen.<\/p>\n<p style=\"text-align: left;\">Marlis Kr\u00e4gel<\/p>\n","protected":false},"excerpt":{"rendered":"<p>Der gemischte Chor und die Instrumentalgruppe der Chorgemeinschaft\u00a0 Eichwalde hatten zum Fr\u00fchlingskonzert eingeladen, das die Instrumentalgruppe mit einem interessanten Arrangement ihrer Leiterin Saskia Sellnau zum Lied \u201eSo treiben wir den Winter aus\u201c begann. Dieses Lied wurde bereits im 16. Jahrhundert am Sonntag L\u00e4tare, dem 4. Sonntag in der Fastenzeit, der mit Todaustragen und Sommereinholen als &hellip; <\/p>\n<p class=\"link-more\"><a href=\"https:\/\/choreichwalde.de\/?p=688\" class=\"more-link\"><span class=\"screen-reader-text\">\u201eFr\u00fchlingskonzert am 14.04.2018\u201c<\/span> weiterlesen<\/a><\/p>\n","protected":false},"author":1,"featured_media":0,"comment_status":"closed","ping_status":"closed","sticky":false,"template":"","format":"standard","meta":{"footnotes":""},"categories":[7,6],"tags":[],"class_list":["post-688","post","type-post","status-publish","format-standard","hentry","category-gemischter-chor","category-instrumentalgruppe"],"_links":{"self":[{"href":"https:\/\/choreichwalde.de\/index.php?rest_route=\/wp\/v2\/posts\/688","targetHints":{"allow":["GET"]}}],"collection":[{"href":"https:\/\/choreichwalde.de\/index.php?rest_route=\/wp\/v2\/posts"}],"about":[{"href":"https:\/\/choreichwalde.de\/index.php?rest_route=\/wp\/v2\/types\/post"}],"author":[{"embeddable":true,"href":"https:\/\/choreichwalde.de\/index.php?rest_route=\/wp\/v2\/users\/1"}],"replies":[{"embeddable":true,"href":"https:\/\/choreichwalde.de\/index.php?rest_route=%2Fwp%2Fv2%2Fcomments&post=688"}],"version-history":[{"count":1,"href":"https:\/\/choreichwalde.de\/index.php?rest_route=\/wp\/v2\/posts\/688\/revisions"}],"predecessor-version":[{"id":689,"href":"https:\/\/choreichwalde.de\/index.php?rest_route=\/wp\/v2\/posts\/688\/revisions\/689"}],"wp:attachment":[{"href":"https:\/\/choreichwalde.de\/index.php?rest_route=%2Fwp%2Fv2%2Fmedia&parent=688"}],"wp:term":[{"taxonomy":"category","embeddable":true,"href":"https:\/\/choreichwalde.de\/index.php?rest_route=%2Fwp%2Fv2%2Fcategories&post=688"},{"taxonomy":"post_tag","embeddable":true,"href":"https:\/\/choreichwalde.de\/index.php?rest_route=%2Fwp%2Fv2%2Ftags&post=688"}],"curies":[{"name":"wp","href":"https:\/\/api.w.org\/{rel}","templated":true}]}}