{"id":3346,"date":"2026-05-02T10:10:29","date_gmt":"2026-05-02T08:10:29","guid":{"rendered":"https:\/\/choreichwalde.de\/?p=3346"},"modified":"2026-05-02T10:10:30","modified_gmt":"2026-05-02T08:10:30","slug":"probentag-des-gemischten-chores-am-11-04-26","status":"publish","type":"post","link":"https:\/\/choreichwalde.de\/?p=3346","title":{"rendered":"Probentag des Gemischten Chores am 11.04.26"},"content":{"rendered":"\n<p><br>An einem sonnigen und noch frischen Fr\u00fchlingsmorgen startete unser diesj\u00e4hriger Probentag in der Villa Mosaik in Eichwalde. Mit dabei nat\u00fcrlich unsere gesch\u00e4tzte Chorleiterin Saskia Sellnau sowie unsere Gesangsbildnerin Christina Seifert, die uns in gewohnt professioneller Art in die Feinheiten des sch\u00f6nen Gesanges geleitete.<\/p>\n\n\n\n<p>Ein neues Lied stand auf dem Programm: \u201eAlta Trinit\u00e0 beata\u201c \u2013 ein altes italienisches Prozessionslied aus dem 15. Jhd. Ich glaube, nach den ersten Durchg\u00e4ngen fand es unser aller Gefallen.<\/p>\n\n\n\n<p>W\u00e4hrend der separaten Stimmbildungen der einzelnen Stimmgruppen \u00fcbten die \u00fcbrigen S\u00e4nger und S\u00e4ngerinnen an unseren polnischen Liedern \u201eChocpracuje w miescie\u201c und \u201eGdybym mial gitare\u201c \u2013 die Chorreise nach Kargowa stand ja unmittelbar bevor.<\/p>\n\n\n\n<p>\u201eDer Lenz ist angekommen\u201c (Mendelssohn Bartholdy\/Eichendorff) war unser \u00dcbungslied f\u00fcr die Gesangsbildung und sicher konnte jede Gesangsgruppe hinterher sagen, dass sie in Klang und Ausdruck ein gutes St\u00fcck weitergekommen ist. Auch das sch\u00f6ne Weihnachtslied \u201eOne candle\u201c (Beck\/Fisher) konnte die Gruppe, die dieses Lied zum letzten Weihnachtskonzert vorgetragen hatte, noch bei Christina Seifert \u00fcben und sp\u00e4ter mit dem gesamten Chor zusammenf\u00fcgen, was sicher f\u00fcr alle ein Genuss war.<\/p>\n\n\n\n<figure class=\"wp-block-image size-full\"><img loading=\"lazy\" decoding=\"async\" width=\"1000\" height=\"750\" src=\"https:\/\/choreichwalde.de\/wp-content\/uploads\/2026\/05\/Probe_buettner.jpg\" alt=\"\" class=\"wp-image-3344\" srcset=\"https:\/\/choreichwalde.de\/wp-content\/uploads\/2026\/05\/Probe_buettner.jpg 1000w, https:\/\/choreichwalde.de\/wp-content\/uploads\/2026\/05\/Probe_buettner-300x225.jpg 300w, https:\/\/choreichwalde.de\/wp-content\/uploads\/2026\/05\/Probe_buettner-768x576.jpg 768w\" sizes=\"auto, (max-width: 767px) 89vw, (max-width: 1000px) 54vw, (max-width: 1071px) 543px, 580px\" \/><\/figure>\n\n\n\n<p>Ein neues Lied stand auf dem Programm: \u201eAlta Trinit\u00e0 beata\u201c \u2013 ein altes italienisches Prozessionslied aus dem 15. Jhd. Ich glaube, nach den ersten Durchg\u00e4ngen fand es unser aller Gefallen.<\/p>\n\n\n\n<p>W\u00e4hrend der separaten Stimmbildungen der einzelnen Stimmgruppen \u00fcbten die \u00fcbrigen S\u00e4nger und S\u00e4ngerinnen an unseren polnischen Liedern \u201eChocpracuje w miescie\u201c und \u201eGdybym mial gitare\u201c \u2013 die Chorreise nach Kargowa stand ja unmittelbar bevor.<\/p>\n\n\n\n<p>\u201eDer Lenz ist angekommen\u201c (Mendelssohn Bartholdy\/Eichendorff) war unser \u00dcbungslied f\u00fcr die Gesangsbildung und sicher konnte jede Gesangsgruppe hinterher sagen, dass sie in Klang und Ausdruck ein gutes St\u00fcck weitergekommen ist. Auch das sch\u00f6ne Weihnachtslied \u201eOne candle\u201c (Beck\/Fisher) konnte die Gruppe, die dieses Lied zum letzten Weihnachtskonzert vorgetragen hatte, noch bei Christina Seifert \u00fcben und sp\u00e4ter mit dem gesamten Chor zusammenf\u00fcgen, was sicher f\u00fcr alle ein Genuss war.<\/p>\n\n\n\n<p>Weiter ging es mit \u201eKume, kum, Geselle min\u201c (Henkhaus) \u2013 nach einer Blaubeurener Handschrift aus dem 13 Jhd. Es folgte der erfrischende und allseits bekannte Schlager \u201eLiebeskummer lohnt sich nicht\u201c (Bruhn\/Meierhofer) sowie \u201eWunder gescheh\u2018n\u201c von Nena. Den Abschluss bildete die wunderbare \u201eLaunige Forelle\u201c \u2013 Variationen \u00fcber Schuberts Lied von Franz Sch\u00f6ggl: 1. Thema: \u201eDie launige Forelle von Schubert\u201c, 2. Mozart \u201eEine kleine Nachtforelle\u201c\u201c, 4. Weber: \u201eDer Freifisch\u201c,7. \u201eForelle nach Wiener Art\u201c und 8. \u201eForelle Italiana\u201c.<\/p>\n\n\n\n<p>Alle hielten motiviert und freudig durch, und so war es ein gelungener und erfolgreicher Probentag!<\/p>\n\n\n\n<p>Annette B\u00fcttner<\/p>\n\n\n\n<p>Fotos: Annette B\u00fctter<\/p>\n\n\n\n<p><\/p>\n","protected":false},"excerpt":{"rendered":"<p>An einem sonnigen und noch frischen Fr\u00fchlingsmorgen startete unser diesj\u00e4hriger Probentag in der Villa Mosaik in Eichwalde. Mit dabei nat\u00fcrlich unsere gesch\u00e4tzte Chorleiterin Saskia Sellnau sowie unsere Gesangsbildnerin Christina Seifert, die uns in gewohnt professioneller Art in die Feinheiten des sch\u00f6nen Gesanges geleitete. Ein neues Lied stand auf dem Programm: \u201eAlta Trinit\u00e0 beata\u201c \u2013 ein &hellip; <\/p>\n<p class=\"link-more\"><a href=\"https:\/\/choreichwalde.de\/?p=3346\" class=\"more-link\"><span class=\"screen-reader-text\">\u201eProbentag des Gemischten Chores am 11.04.26\u201c<\/span> weiterlesen<\/a><\/p>\n","protected":false},"author":120,"featured_media":3345,"comment_status":"closed","ping_status":"closed","sticky":false,"template":"","format":"standard","meta":{"footnotes":""},"categories":[19],"tags":[],"class_list":["post-3346","post","type-post","status-publish","format-standard","has-post-thumbnail","hentry","category-verein"],"_links":{"self":[{"href":"https:\/\/choreichwalde.de\/index.php?rest_route=\/wp\/v2\/posts\/3346","targetHints":{"allow":["GET"]}}],"collection":[{"href":"https:\/\/choreichwalde.de\/index.php?rest_route=\/wp\/v2\/posts"}],"about":[{"href":"https:\/\/choreichwalde.de\/index.php?rest_route=\/wp\/v2\/types\/post"}],"author":[{"embeddable":true,"href":"https:\/\/choreichwalde.de\/index.php?rest_route=\/wp\/v2\/users\/120"}],"replies":[{"embeddable":true,"href":"https:\/\/choreichwalde.de\/index.php?rest_route=%2Fwp%2Fv2%2Fcomments&post=3346"}],"version-history":[{"count":1,"href":"https:\/\/choreichwalde.de\/index.php?rest_route=\/wp\/v2\/posts\/3346\/revisions"}],"predecessor-version":[{"id":3347,"href":"https:\/\/choreichwalde.de\/index.php?rest_route=\/wp\/v2\/posts\/3346\/revisions\/3347"}],"wp:featuredmedia":[{"embeddable":true,"href":"https:\/\/choreichwalde.de\/index.php?rest_route=\/wp\/v2\/media\/3345"}],"wp:attachment":[{"href":"https:\/\/choreichwalde.de\/index.php?rest_route=%2Fwp%2Fv2%2Fmedia&parent=3346"}],"wp:term":[{"taxonomy":"category","embeddable":true,"href":"https:\/\/choreichwalde.de\/index.php?rest_route=%2Fwp%2Fv2%2Fcategories&post=3346"},{"taxonomy":"post_tag","embeddable":true,"href":"https:\/\/choreichwalde.de\/index.php?rest_route=%2Fwp%2Fv2%2Ftags&post=3346"}],"curies":[{"name":"wp","href":"https:\/\/api.w.org\/{rel}","templated":true}]}}