{"id":3186,"date":"2025-12-15T20:20:00","date_gmt":"2025-12-15T19:20:00","guid":{"rendered":"https:\/\/choreichwalde.de\/?p=3186"},"modified":"2025-12-15T20:20:42","modified_gmt":"2025-12-15T19:20:42","slug":"28-adventskonzert-der-eichwalder-choere","status":"publish","type":"post","link":"https:\/\/choreichwalde.de\/?p=3186","title":{"rendered":"28. Adventskonzert der Eichwalder Ch\u00f6re"},"content":{"rendered":"\n<p>Zum 28. Mal kamen am 30.11.2025 die Eichwalder Ch\u00f6re am fr\u00fchen Abend des 1.Advent zusammen, um auf den Advent einzustimmen. Jung und alt kamen zusammen, Kinderstimmen waren zu h\u00f6ren und die Kirche war so gut besucht, dass etliche Besucher keinen Sitzplatz mehr fanden und stehen mussten.<\/p>\n\n\n\n<p>Zu Beginn bat Pfarrer Matthias Hanke um eine Schweigeminute anl\u00e4sslich des pl\u00f6tzlichen Todes des langj\u00e4hrigen Chormitglieds Dr. Manfred Voigt und z\u00fcndete eine Kerze auf dem Altar f\u00fcr ihn an. Es tat uns gut, seiner gemeinsam zu gedenken.<\/p>\n\n\n\n<p>Den Konzertauftakt machte der Chor der evangelischen Gemeinde unter der Leitung von Peter Aumeier. \u201eJauchzet, ihr Himmel!\u201c (Mauersberger\/Terstegen) und \u201eBrich an, du sch\u00f6nes Morgenlicht\u201e (J.S. Bach\/Rist) brachte die Zuh\u00f6rer schon mal in die n\u00f6tige weihnachtlich festliche Stimmung, w\u00e4hrend der Negro Spiritual \u201eWe shall walk throug the valley\u201c (SmithMore) durch seine liebevoll &#8211; herzlichen Harmonien die Gem\u00fcter der Zuh\u00f6rer ber\u00fchrte und w\u00e4rmte.<\/p>\n\n\n\n<figure class=\"wp-block-image size-full\"><img loading=\"lazy\" decoding=\"async\" width=\"1000\" height=\"613\" src=\"https:\/\/choreichwalde.de\/wp-content\/uploads\/2025\/12\/2025-11-30_1.-Adv.-F-Kraegel-2.jpg\" alt=\"\" class=\"wp-image-3188\" srcset=\"https:\/\/choreichwalde.de\/wp-content\/uploads\/2025\/12\/2025-11-30_1.-Adv.-F-Kraegel-2.jpg 1000w, https:\/\/choreichwalde.de\/wp-content\/uploads\/2025\/12\/2025-11-30_1.-Adv.-F-Kraegel-2-300x184.jpg 300w, https:\/\/choreichwalde.de\/wp-content\/uploads\/2025\/12\/2025-11-30_1.-Adv.-F-Kraegel-2-768x471.jpg 768w\" sizes=\"auto, (max-width: 767px) 89vw, (max-width: 1000px) 54vw, (max-width: 1071px) 543px, 580px\" \/><figcaption class=\"wp-element-caption\">Foto: Kr\u00e4gel<\/figcaption><\/figure>\n\n\n\n<p>GosPop unter der Leitung von Saskia Sellnau gab \u201eMaria durch ein Dornwald ging\u201c in der wunderbaren Satzgestaltung von Faring und Stalmann zum Besten, wie immer bezaubernd auf dem Klavier begleitet von Dawoon Jung. Bei \u201eMary, did you know?\u201c (Lowry\/Greene\/Emerson) mit seiner kraft- und gef\u00fchlvollen Intonation waren sehr viele der Zuh\u00f6rer tief emotional ber\u00fchrt. Bewegter ging es dann weiter mit \u201eCan you hear the angels?\u201c (Gilpin), das einige im Publikum mitschunkeln lie\u00df und alle in eine fr\u00f6hlich &#8211; beschwingte Stimmung brachte.<\/p>\n\n\n\n<p>H\u00f6hepunkt der Darbietung des \u201emehr forte\u201c Chores unter der Leitung von Johanna Erdmann war das \u201eWeihnachts- Quodlibet\u201c (Weihe), eine spritzig-originelle Mischung bekannter Weihnachtslieder. Ebenfalls lebendig und mit Fingerschnippen war \u201eFollow that star\u201c (Gritton), w\u00e4hrend das \u201eWinter Wonderland (Smith\/Bernard) zum fr\u00f6hlichen Mitschunkeln einlud.<\/p>\n\n\n\n<figure class=\"wp-block-image size-full\"><img loading=\"lazy\" decoding=\"async\" width=\"1000\" height=\"550\" src=\"https:\/\/choreichwalde.de\/wp-content\/uploads\/2025\/12\/2025-11-30_1.-Adv.-F-Kraegel-3.jpg\" alt=\"\" class=\"wp-image-3189\" srcset=\"https:\/\/choreichwalde.de\/wp-content\/uploads\/2025\/12\/2025-11-30_1.-Adv.-F-Kraegel-3.jpg 1000w, https:\/\/choreichwalde.de\/wp-content\/uploads\/2025\/12\/2025-11-30_1.-Adv.-F-Kraegel-3-300x165.jpg 300w, https:\/\/choreichwalde.de\/wp-content\/uploads\/2025\/12\/2025-11-30_1.-Adv.-F-Kraegel-3-768x422.jpg 768w\" sizes=\"auto, (max-width: 767px) 89vw, (max-width: 1000px) 54vw, (max-width: 1071px) 543px, 580px\" \/><figcaption class=\"wp-element-caption\">Foto: Kr\u00e4gel<\/figcaption><\/figure>\n\n\n\n<p>Weiter ging es mit dem Gemischten Chor, dessen kraftvolle Intonation von \u201eTochter Zion\u201c (Ranke\/H\u00e4ndel) eine wunderbar festliche Stimmung erzeugte und so die Zuh\u00f6rer in seinen Bann zog. Als z\u00e4rtliches Schlaflied folgte \u201eSchlaf wohl, du Himmelsknabe\u201c (Schubart\/Reimann), gefolgt vom gef\u00fchlvollen \u201eA New Noel\u201c ((Boyd), dessen hinrei\u00dfende Melodien die Zuh\u00f6rerherzen w\u00e4rmte, wunderbar begleitet am Klavier von Dawoon Jung.<\/p>\n\n\n\n<p>Den H\u00f6hepunkt und Abschluss des Abends bildete der Schlusschoral \u201eTollite Hostias\u201c (Saint-Saens), den alle Ch\u00f6re gemeinsam sangen und so das Publikum noch einmal mit voller Festlichkeit in den Adventsabend entlie\u00df.<\/p>\n\n\n\n<p>Annette B\u00fcttner<\/p>\n","protected":false},"excerpt":{"rendered":"<p>Zum 28. Mal kamen am 30.11.2025 die Eichwalder Ch\u00f6re am fr\u00fchen Abend des 1.Advent zusammen, um auf den Advent einzustimmen. Jung und alt kamen zusammen, Kinderstimmen waren zu h\u00f6ren und die Kirche war so gut besucht, dass etliche Besucher keinen Sitzplatz mehr fanden und stehen mussten. Zu Beginn bat Pfarrer Matthias Hanke um eine Schweigeminute &hellip; <\/p>\n<p class=\"link-more\"><a href=\"https:\/\/choreichwalde.de\/?p=3186\" class=\"more-link\"><span class=\"screen-reader-text\">\u201e28. Adventskonzert der Eichwalder Ch\u00f6re\u201c<\/span> weiterlesen<\/a><\/p>\n","protected":false},"author":17,"featured_media":3187,"comment_status":"closed","ping_status":"closed","sticky":false,"template":"","format":"standard","meta":{"footnotes":""},"categories":[7,20],"tags":[],"class_list":["post-3186","post","type-post","status-publish","format-standard","has-post-thumbnail","hentry","category-gemischter-chor","category-gospop"],"_links":{"self":[{"href":"https:\/\/choreichwalde.de\/index.php?rest_route=\/wp\/v2\/posts\/3186","targetHints":{"allow":["GET"]}}],"collection":[{"href":"https:\/\/choreichwalde.de\/index.php?rest_route=\/wp\/v2\/posts"}],"about":[{"href":"https:\/\/choreichwalde.de\/index.php?rest_route=\/wp\/v2\/types\/post"}],"author":[{"embeddable":true,"href":"https:\/\/choreichwalde.de\/index.php?rest_route=\/wp\/v2\/users\/17"}],"replies":[{"embeddable":true,"href":"https:\/\/choreichwalde.de\/index.php?rest_route=%2Fwp%2Fv2%2Fcomments&post=3186"}],"version-history":[{"count":1,"href":"https:\/\/choreichwalde.de\/index.php?rest_route=\/wp\/v2\/posts\/3186\/revisions"}],"predecessor-version":[{"id":3190,"href":"https:\/\/choreichwalde.de\/index.php?rest_route=\/wp\/v2\/posts\/3186\/revisions\/3190"}],"wp:featuredmedia":[{"embeddable":true,"href":"https:\/\/choreichwalde.de\/index.php?rest_route=\/wp\/v2\/media\/3187"}],"wp:attachment":[{"href":"https:\/\/choreichwalde.de\/index.php?rest_route=%2Fwp%2Fv2%2Fmedia&parent=3186"}],"wp:term":[{"taxonomy":"category","embeddable":true,"href":"https:\/\/choreichwalde.de\/index.php?rest_route=%2Fwp%2Fv2%2Fcategories&post=3186"},{"taxonomy":"post_tag","embeddable":true,"href":"https:\/\/choreichwalde.de\/index.php?rest_route=%2Fwp%2Fv2%2Ftags&post=3186"}],"curies":[{"name":"wp","href":"https:\/\/api.w.org\/{rel}","templated":true}]}}