{"id":3085,"date":"2025-08-25T18:14:21","date_gmt":"2025-08-25T16:14:21","guid":{"rendered":"https:\/\/choreichwalde.de\/?p=3085"},"modified":"2025-08-25T18:16:45","modified_gmt":"2025-08-25T16:16:45","slug":"sommerfest-der-chorgemeinschaft-eichwalde","status":"publish","type":"post","link":"https:\/\/choreichwalde.de\/?p=3085","title":{"rendered":"Sommerfest der Chorgemeinschaft Eichwalde"},"content":{"rendered":"\n<div class=\"wp-block-columns is-layout-flex wp-container-core-columns-is-layout-1 wp-block-columns-is-layout-flex\">\n<div class=\"wp-block-column is-layout-flow wp-block-column-is-layout-flow\">\n<figure class=\"wp-block-image size-full\"><img loading=\"lazy\" decoding=\"async\" width=\"639\" height=\"1000\" src=\"https:\/\/choreichwalde.de\/wp-content\/uploads\/2025\/08\/2025-08-08_Sommerfest-F-Greiner-1.jpg\" alt=\"\" class=\"wp-image-3087\" srcset=\"https:\/\/choreichwalde.de\/wp-content\/uploads\/2025\/08\/2025-08-08_Sommerfest-F-Greiner-1.jpg 639w, https:\/\/choreichwalde.de\/wp-content\/uploads\/2025\/08\/2025-08-08_Sommerfest-F-Greiner-1-192x300.jpg 192w\" sizes=\"auto, (max-width: 639px) 100vw, 639px\" \/><\/figure>\n<\/div>\n\n\n\n<div class=\"wp-block-column is-layout-flow wp-block-column-is-layout-flow\">\n<p>Am 08.08.02025 trafen sich alle, die Lust hatten und nicht gerade im Urlaub waren, zum Sommerfest der Chorgemeinschaft in der Butze in Schulzendorf. Bei sch\u00f6nstem Wetter begr\u00fc\u00dfte der Vorstand alle und er\u00f6ffnete das reichlich gedeckte Kuchen- und Delikatessenbuffet.<\/p>\n\n\n\n<p>Das Kulturprogramm l\u00e4uteten Stephan und Gerhard mit einem Seemannslied ein.<\/p>\n\n\n\n<p>Es folgten Heike und Thomas Schubert mit tollen Songs<\/p>\n<\/div>\n<\/div>\n\n\n\n<div class=\"wp-block-columns is-layout-flex wp-container-core-columns-is-layout-2 wp-block-columns-is-layout-flex\">\n<div class=\"wp-block-column is-layout-flow wp-block-column-is-layout-flow\" style=\"flex-basis:66.66%\">\n<figure class=\"wp-block-image size-full is-resized\"><img loading=\"lazy\" decoding=\"async\" width=\"1000\" height=\"585\" src=\"https:\/\/choreichwalde.de\/wp-content\/uploads\/2025\/08\/2025-08-08_Sommerfest-F-Greiner-2.jpg\" alt=\"\" class=\"wp-image-3088\" style=\"width:398px;height:auto\" srcset=\"https:\/\/choreichwalde.de\/wp-content\/uploads\/2025\/08\/2025-08-08_Sommerfest-F-Greiner-2.jpg 1000w, https:\/\/choreichwalde.de\/wp-content\/uploads\/2025\/08\/2025-08-08_Sommerfest-F-Greiner-2-300x176.jpg 300w, https:\/\/choreichwalde.de\/wp-content\/uploads\/2025\/08\/2025-08-08_Sommerfest-F-Greiner-2-768x449.jpg 768w\" sizes=\"auto, (max-width: 767px) 89vw, (max-width: 1000px) 54vw, (max-width: 1071px) 543px, 580px\" \/><\/figure>\n<\/div>\n\n\n\n<div class=\"wp-block-column is-layout-flow wp-block-column-is-layout-flow\" style=\"flex-basis:33.33%\">\n<figure class=\"wp-block-image size-full\"><img loading=\"lazy\" decoding=\"async\" width=\"950\" height=\"1000\" src=\"https:\/\/choreichwalde.de\/wp-content\/uploads\/2025\/08\/2025-08-08_Sommerfest-F-Greiner-4.jpg\" alt=\"\" class=\"wp-image-3089\" srcset=\"https:\/\/choreichwalde.de\/wp-content\/uploads\/2025\/08\/2025-08-08_Sommerfest-F-Greiner-4.jpg 950w, https:\/\/choreichwalde.de\/wp-content\/uploads\/2025\/08\/2025-08-08_Sommerfest-F-Greiner-4-285x300.jpg 285w, https:\/\/choreichwalde.de\/wp-content\/uploads\/2025\/08\/2025-08-08_Sommerfest-F-Greiner-4-768x808.jpg 768w\" sizes=\"auto, (max-width: 767px) 89vw, (max-width: 1000px) 54vw, (max-width: 1071px) 543px, 580px\" \/><\/figure>\n<\/div>\n<\/div>\n\n\n\n<div class=\"wp-block-columns is-layout-flex wp-container-core-columns-is-layout-3 wp-block-columns-is-layout-flex\">\n<div class=\"wp-block-column is-layout-flow wp-block-column-is-layout-flow\">\n<p>Unser \u00e4ltestes Chormitglied Dietrun Hummel \u201cHummelchen\u201c erz\u00e4hlte aus ihren Erinnerungen und sang mit uns ein paar alte Volkslieder.<\/p>\n\n\n\n<p>Fanny, Constanze und Katrin eroberten danach die Manege mit Beitr\u00e4gen aus ihrer Line-Dance-Tanztruppe.<\/p>\n<\/div>\n\n\n\n<div class=\"wp-block-column is-layout-flow wp-block-column-is-layout-flow\">\n<figure class=\"wp-block-image size-full\"><img loading=\"lazy\" decoding=\"async\" width=\"1000\" height=\"750\" src=\"https:\/\/choreichwalde.de\/wp-content\/uploads\/2025\/08\/2025-08-08_Sommerfest-F-Greiner-3.jpg\" alt=\"\" class=\"wp-image-3091\" srcset=\"https:\/\/choreichwalde.de\/wp-content\/uploads\/2025\/08\/2025-08-08_Sommerfest-F-Greiner-3.jpg 1000w, https:\/\/choreichwalde.de\/wp-content\/uploads\/2025\/08\/2025-08-08_Sommerfest-F-Greiner-3-300x225.jpg 300w, https:\/\/choreichwalde.de\/wp-content\/uploads\/2025\/08\/2025-08-08_Sommerfest-F-Greiner-3-768x576.jpg 768w\" sizes=\"auto, (max-width: 767px) 89vw, (max-width: 1000px) 54vw, (max-width: 1071px) 543px, 580px\" \/><\/figure>\n<\/div>\n<\/div>\n\n\n\n<p>Bianca und Thomas fanden sich spontan f\u00fcr irische Folkmusic zusammen.<\/p>\n\n\n\n<p>Zwischenzeitlich brachte uns der Grillmeister Michael die Originalen Th\u00fcringer Bratw\u00fcrste in den Saal.<\/p>\n\n\n\n<div class=\"wp-block-columns is-layout-flex wp-container-core-columns-is-layout-4 wp-block-columns-is-layout-flex\">\n<div class=\"wp-block-column is-layout-flow wp-block-column-is-layout-flow\">\n<figure class=\"wp-block-image size-full\"><img loading=\"lazy\" decoding=\"async\" width=\"726\" height=\"1000\" src=\"https:\/\/choreichwalde.de\/wp-content\/uploads\/2025\/08\/2025-08-08_Sommerfest-F-Greiner-6-1.jpg\" alt=\"\" class=\"wp-image-3092\" srcset=\"https:\/\/choreichwalde.de\/wp-content\/uploads\/2025\/08\/2025-08-08_Sommerfest-F-Greiner-6-1.jpg 726w, https:\/\/choreichwalde.de\/wp-content\/uploads\/2025\/08\/2025-08-08_Sommerfest-F-Greiner-6-1-218x300.jpg 218w\" sizes=\"auto, (max-width: 726px) 100vw, 726px\" \/><\/figure>\n<\/div>\n\n\n\n<div class=\"wp-block-column is-layout-flow wp-block-column-is-layout-flow\">\n<figure class=\"wp-block-image size-full is-resized\"><img loading=\"lazy\" decoding=\"async\" width=\"570\" height=\"1000\" src=\"https:\/\/choreichwalde.de\/wp-content\/uploads\/2025\/08\/2025-08-08_Sommerfest-F-Greiner-3-1.jpg\" alt=\"\" class=\"wp-image-3093\" style=\"width:252px;height:auto\" srcset=\"https:\/\/choreichwalde.de\/wp-content\/uploads\/2025\/08\/2025-08-08_Sommerfest-F-Greiner-3-1.jpg 570w, https:\/\/choreichwalde.de\/wp-content\/uploads\/2025\/08\/2025-08-08_Sommerfest-F-Greiner-3-1-171x300.jpg 171w\" sizes=\"auto, (max-width: 570px) 100vw, 570px\" \/><\/figure>\n<\/div>\n<\/div>\n\n\n\n<p>Nat\u00fcrlich gibt es kein Fest ohne die \u201eOldies\u201c, die die Capri-Fischer und das Caf\u00e9 Oriental spontan zum Besten gaben.<\/p>\n\n\n\n<figure class=\"wp-block-image size-full\"><img loading=\"lazy\" decoding=\"async\" width=\"1000\" height=\"819\" src=\"https:\/\/choreichwalde.de\/wp-content\/uploads\/2025\/08\/2025-08-08_Sommerfest-F-Kraegel-2-1.jpg\" alt=\"\" class=\"wp-image-3094\" srcset=\"https:\/\/choreichwalde.de\/wp-content\/uploads\/2025\/08\/2025-08-08_Sommerfest-F-Kraegel-2-1.jpg 1000w, https:\/\/choreichwalde.de\/wp-content\/uploads\/2025\/08\/2025-08-08_Sommerfest-F-Kraegel-2-1-300x246.jpg 300w, https:\/\/choreichwalde.de\/wp-content\/uploads\/2025\/08\/2025-08-08_Sommerfest-F-Kraegel-2-1-768x629.jpg 768w\" sizes=\"auto, (max-width: 767px) 89vw, (max-width: 1000px) 54vw, (max-width: 1071px) 543px, 580px\" \/><\/figure>\n\n\n\n<div class=\"wp-block-columns is-layout-flex wp-container-core-columns-is-layout-5 wp-block-columns-is-layout-flex\">\n<div class=\"wp-block-column is-layout-flow wp-block-column-is-layout-flow\" style=\"flex-basis:33.33%\">\n<figure class=\"wp-block-image size-full\"><img loading=\"lazy\" decoding=\"async\" width=\"506\" height=\"1000\" src=\"https:\/\/choreichwalde.de\/wp-content\/uploads\/2025\/08\/2025-08-08_Sommerfest-F-Greiner-5.jpg\" alt=\"\" class=\"wp-image-3095\" srcset=\"https:\/\/choreichwalde.de\/wp-content\/uploads\/2025\/08\/2025-08-08_Sommerfest-F-Greiner-5.jpg 506w, https:\/\/choreichwalde.de\/wp-content\/uploads\/2025\/08\/2025-08-08_Sommerfest-F-Greiner-5-152x300.jpg 152w\" sizes=\"auto, (max-width: 506px) 100vw, 506px\" \/><\/figure>\n<\/div>\n\n\n\n<div class=\"wp-block-column is-layout-flow wp-block-column-is-layout-flow\" style=\"flex-basis:66.66%\">\n<p>Ebenfalls spontan entschloss sich Fl\u00f6tistin Sonja zum Abschluss mit eher klassischen St\u00fccken.<\/p>\n\n\n\n<p>Es war ein sehr sch\u00f6nes, launiges&nbsp; Sommerfest. Besonderer Dank gilt allen, die mit Leckerem zum Buffet, Blumenschmuck f\u00fcr die Tische und nat\u00fcrlich durch eigene Beitr\u00e4ge zum Gelingen des diesj\u00e4hrigen Sommerfestes beigetragen haben.<\/p>\n\n\n\n<p>Petra Greiner<\/p>\n\n\n\n<p>(Fotos: Greiner &amp; Kr\u00e4gel)<\/p>\n<\/div>\n<\/div>\n","protected":false},"excerpt":{"rendered":"<p>Am 08.08.02025 trafen sich alle, die Lust hatten und nicht gerade im Urlaub waren, zum Sommerfest der Chorgemeinschaft in der Butze in Schulzendorf. Bei sch\u00f6nstem Wetter begr\u00fc\u00dfte der Vorstand alle und er\u00f6ffnete das reichlich gedeckte Kuchen- und Delikatessenbuffet. Das Kulturprogramm l\u00e4uteten Stephan und Gerhard mit einem Seemannslied ein. Es folgten Heike und Thomas Schubert mit &hellip; <\/p>\n<p class=\"link-more\"><a href=\"https:\/\/choreichwalde.de\/?p=3085\" class=\"more-link\"><span class=\"screen-reader-text\">\u201eSommerfest der Chorgemeinschaft Eichwalde\u201c<\/span> weiterlesen<\/a><\/p>\n","protected":false},"author":17,"featured_media":3086,"comment_status":"closed","ping_status":"closed","sticky":false,"template":"","format":"standard","meta":{"footnotes":""},"categories":[19],"tags":[],"class_list":["post-3085","post","type-post","status-publish","format-standard","has-post-thumbnail","hentry","category-verein"],"_links":{"self":[{"href":"https:\/\/choreichwalde.de\/index.php?rest_route=\/wp\/v2\/posts\/3085","targetHints":{"allow":["GET"]}}],"collection":[{"href":"https:\/\/choreichwalde.de\/index.php?rest_route=\/wp\/v2\/posts"}],"about":[{"href":"https:\/\/choreichwalde.de\/index.php?rest_route=\/wp\/v2\/types\/post"}],"author":[{"embeddable":true,"href":"https:\/\/choreichwalde.de\/index.php?rest_route=\/wp\/v2\/users\/17"}],"replies":[{"embeddable":true,"href":"https:\/\/choreichwalde.de\/index.php?rest_route=%2Fwp%2Fv2%2Fcomments&post=3085"}],"version-history":[{"count":2,"href":"https:\/\/choreichwalde.de\/index.php?rest_route=\/wp\/v2\/posts\/3085\/revisions"}],"predecessor-version":[{"id":3097,"href":"https:\/\/choreichwalde.de\/index.php?rest_route=\/wp\/v2\/posts\/3085\/revisions\/3097"}],"wp:featuredmedia":[{"embeddable":true,"href":"https:\/\/choreichwalde.de\/index.php?rest_route=\/wp\/v2\/media\/3086"}],"wp:attachment":[{"href":"https:\/\/choreichwalde.de\/index.php?rest_route=%2Fwp%2Fv2%2Fmedia&parent=3085"}],"wp:term":[{"taxonomy":"category","embeddable":true,"href":"https:\/\/choreichwalde.de\/index.php?rest_route=%2Fwp%2Fv2%2Fcategories&post=3085"},{"taxonomy":"post_tag","embeddable":true,"href":"https:\/\/choreichwalde.de\/index.php?rest_route=%2Fwp%2Fv2%2Ftags&post=3085"}],"curies":[{"name":"wp","href":"https:\/\/api.w.org\/{rel}","templated":true}]}}