{"id":3073,"date":"2025-07-13T15:41:27","date_gmt":"2025-07-13T13:41:27","guid":{"rendered":"https:\/\/choreichwalde.de\/?p=3073"},"modified":"2025-07-23T15:42:02","modified_gmt":"2025-07-23T13:42:02","slug":"happy-birthday-zeuthen","status":"publish","type":"post","link":"https:\/\/choreichwalde.de\/?p=3073","title":{"rendered":"Happy Birthday Zeuthen"},"content":{"rendered":"\n<p>Am 11. Mai gratulierten die Vocalinos Schulzendorf und nun am 13.07.2025 Zeuthen zum 650j\u00e4hrigen Bestehen.<\/p>\n\n\n\n<figure class=\"wp-block-image size-full\"><img loading=\"lazy\" decoding=\"async\" width=\"1000\" height=\"742\" src=\"https:\/\/choreichwalde.de\/wp-content\/uploads\/2025\/07\/2025-07-13_650J-Zth-F-Kraegel-2.jpeg\" alt=\"\" class=\"wp-image-3072\" srcset=\"https:\/\/choreichwalde.de\/wp-content\/uploads\/2025\/07\/2025-07-13_650J-Zth-F-Kraegel-2.jpeg 1000w, https:\/\/choreichwalde.de\/wp-content\/uploads\/2025\/07\/2025-07-13_650J-Zth-F-Kraegel-2-300x223.jpeg 300w, https:\/\/choreichwalde.de\/wp-content\/uploads\/2025\/07\/2025-07-13_650J-Zth-F-Kraegel-2-768x570.jpeg 768w\" sizes=\"auto, (max-width: 767px) 89vw, (max-width: 1000px) 54vw, (max-width: 1071px) 543px, 580px\" \/><figcaption class=\"wp-element-caption\">Das Foto (Kr\u00e4gel) zeigt die auf den Auftritt wartenden Akteure.<\/figcaption><\/figure>\n\n\n\n<p>Auch wenn nur etwa die H\u00e4lfte der Mitglieder ihres Chores dabei waren, zeigten sie mit ihren Liedern, was sie so drauf haben und das bei sch\u00f6nstem Wetter, denn die Feierlichkeiten waren zumindest am Samstag vom Dauerregen beeinflusst, schade!<\/p>\n\n\n\n<p>Ebenfalls schade war es, dass die Techniker es nicht verstanden, trotz der vielen Mikros die Vocalinos ordentlich zu \u00fcbertragen.<\/p>\n\n\n\n<p>Marlis Kr\u00e4gel (AG \u00d6A)<\/p>\n","protected":false},"excerpt":{"rendered":"<p>Am 11. Mai gratulierten die Vocalinos Schulzendorf und nun am 13.07.2025 Zeuthen zum 650j\u00e4hrigen Bestehen. Auch wenn nur etwa die H\u00e4lfte der Mitglieder ihres Chores dabei waren, zeigten sie mit ihren Liedern, was sie so drauf haben und das bei sch\u00f6nstem Wetter, denn die Feierlichkeiten waren zumindest am Samstag vom Dauerregen beeinflusst, schade! Ebenfalls schade &hellip; <\/p>\n<p class=\"link-more\"><a href=\"https:\/\/choreichwalde.de\/?p=3073\" class=\"more-link\"><span class=\"screen-reader-text\">\u201eHappy Birthday Zeuthen\u201c<\/span> weiterlesen<\/a><\/p>\n","protected":false},"author":17,"featured_media":0,"comment_status":"closed","ping_status":"closed","sticky":false,"template":"","format":"standard","meta":{"footnotes":""},"categories":[19,5],"tags":[],"class_list":["post-3073","post","type-post","status-publish","format-standard","hentry","category-verein","category-kinder-und-jugendchor"],"_links":{"self":[{"href":"https:\/\/choreichwalde.de\/index.php?rest_route=\/wp\/v2\/posts\/3073","targetHints":{"allow":["GET"]}}],"collection":[{"href":"https:\/\/choreichwalde.de\/index.php?rest_route=\/wp\/v2\/posts"}],"about":[{"href":"https:\/\/choreichwalde.de\/index.php?rest_route=\/wp\/v2\/types\/post"}],"author":[{"embeddable":true,"href":"https:\/\/choreichwalde.de\/index.php?rest_route=\/wp\/v2\/users\/17"}],"replies":[{"embeddable":true,"href":"https:\/\/choreichwalde.de\/index.php?rest_route=%2Fwp%2Fv2%2Fcomments&post=3073"}],"version-history":[{"count":1,"href":"https:\/\/choreichwalde.de\/index.php?rest_route=\/wp\/v2\/posts\/3073\/revisions"}],"predecessor-version":[{"id":3074,"href":"https:\/\/choreichwalde.de\/index.php?rest_route=\/wp\/v2\/posts\/3073\/revisions\/3074"}],"wp:attachment":[{"href":"https:\/\/choreichwalde.de\/index.php?rest_route=%2Fwp%2Fv2%2Fmedia&parent=3073"}],"wp:term":[{"taxonomy":"category","embeddable":true,"href":"https:\/\/choreichwalde.de\/index.php?rest_route=%2Fwp%2Fv2%2Fcategories&post=3073"},{"taxonomy":"post_tag","embeddable":true,"href":"https:\/\/choreichwalde.de\/index.php?rest_route=%2Fwp%2Fv2%2Ftags&post=3073"}],"curies":[{"name":"wp","href":"https:\/\/api.w.org\/{rel}","templated":true}]}}