{"id":3046,"date":"2025-06-14T17:39:46","date_gmt":"2025-06-14T15:39:46","guid":{"rendered":"https:\/\/choreichwalde.de\/?p=3046"},"modified":"2025-06-20T17:40:50","modified_gmt":"2025-06-20T15:40:50","slug":"rosenfest-wir-waren-dabei","status":"publish","type":"post","link":"https:\/\/choreichwalde.de\/?p=3046","title":{"rendered":"Rosenfest &#8211; wir waren dabei!"},"content":{"rendered":"\n<p>In bester Stimmung zeigten sich am 14.06.2025 beim Rosenfest die Vocalinos , das Publikum und die Sonne. Das Programm war gut gew\u00e4hlt und zeigte das K\u00f6nnen des Chores.<br><\/p>\n\n\n\n<figure class=\"wp-block-image size-full\"><img loading=\"lazy\" decoding=\"async\" width=\"1000\" height=\"511\" src=\"https:\/\/choreichwalde.de\/wp-content\/uploads\/2025\/06\/2025-06-14_Rosenfest-4-F-Kraegel.jpeg\" alt=\"\" class=\"wp-image-3051\" srcset=\"https:\/\/choreichwalde.de\/wp-content\/uploads\/2025\/06\/2025-06-14_Rosenfest-4-F-Kraegel.jpeg 1000w, https:\/\/choreichwalde.de\/wp-content\/uploads\/2025\/06\/2025-06-14_Rosenfest-4-F-Kraegel-300x153.jpeg 300w, https:\/\/choreichwalde.de\/wp-content\/uploads\/2025\/06\/2025-06-14_Rosenfest-4-F-Kraegel-768x392.jpeg 768w\" sizes=\"auto, (max-width: 767px) 89vw, (max-width: 1000px) 54vw, (max-width: 1071px) 543px, 580px\" \/><figcaption class=\"wp-element-caption\">Foto: Kr\u00e4gel<\/figcaption><\/figure>\n\n\n\n<p>Zun\u00e4chst sang der ganze Chor, dann nur die Gro\u00dfen und abschlie\u00dfend als Premiere wurde noch getanzt. Alle hatten viel Spa\u00df dabei und es war sicher nicht der letzte Auftritt mit Tanz.<\/p>\n\n\n\n<figure class=\"wp-block-image size-full\"><img loading=\"lazy\" decoding=\"async\" width=\"1000\" height=\"463\" src=\"https:\/\/choreichwalde.de\/wp-content\/uploads\/2025\/06\/2025-06-14_GCH-Sonderprobe-F-Kraegel-1.jpeg\" alt=\"\" class=\"wp-image-3050\" srcset=\"https:\/\/choreichwalde.de\/wp-content\/uploads\/2025\/06\/2025-06-14_GCH-Sonderprobe-F-Kraegel-1.jpeg 1000w, https:\/\/choreichwalde.de\/wp-content\/uploads\/2025\/06\/2025-06-14_GCH-Sonderprobe-F-Kraegel-1-300x139.jpeg 300w, https:\/\/choreichwalde.de\/wp-content\/uploads\/2025\/06\/2025-06-14_GCH-Sonderprobe-F-Kraegel-1-768x356.jpeg 768w\" sizes=\"auto, (max-width: 767px) 89vw, (max-width: 1000px) 54vw, (max-width: 1071px) 543px, 580px\" \/><figcaption class=\"wp-element-caption\">Foto: Kr\u00e4gel<\/figcaption><\/figure>\n\n\n\n<p>Danach begann die offene Probe des Gemischten Chores in der Villa Mosaik.<\/p>\n\n\n\n<p>Ungelogen 1000 Mann dr\u00e4ngten am Samstag bei glei\u00dfendem hei\u00dfen Sommerwetter in die k\u00fchle Villa Mosaik, um an der offenen Chorprobe des Gemischten Chores der Chorgemeinschaft Eichwalde e.V. teilzunehmen. Glauben Sie nicht? Sie waren ja nicht dabei und somit auch nicht die 1001te Person \u2013 wobei, das w\u00e4re ja dann wieder eine andere Geschichte \u2013 1001 Nacht\u2026<\/p>\n\n\n\n<p>Die Villa Mosaik war tats\u00e4chlich angenehm k\u00fchl und so starteten wir p\u00fcnktlich 14.30 Uhr unsere Sonderprobe. Einige Interessierte sind tats\u00e4chlich unserer Einladung gefolgt und haben mitgesungen. Unsere Chorleiterin Saskia Sellnau hatte ein neues Lied im Gep\u00e4ck: \u201eDown by the Salley Gardens\u201c. Der Text von William Butler Yeats wurde 1889 in \u201eThe Wanderings of Oisin and Other Poems\u201c ver\u00f6ffentlicht. Yeats gab in einer Anmerkung an, dass es sich um \u201eden Versuch handelte, ein altes Lied aus drei Zeilen zu rekonstruieren, an die sich eine alte B\u00e4uerin aus dem Dorf Ballisodare in der Grafschaft Sligo nur unvollst\u00e4ndig erinnert und die sie oft vor sich hin singt\u201c.<\/p>\n\n\n\n<p>Das Lied ist wundersch\u00f6n und da war es kein Wunder, dass wir es auch schnell draufhatten. Der Feinschliff erfolgt dann in den kommenden Proben, wie z.B. piano, crescendo, decrescendo usw.<\/p>\n\n\n\n<p>Unsere wunderbare Pianistin Dawoon Jung begleitete uns am Klavier. Ich habe es genau gesehen \u2013 sie wollte schon fast mitsingen\u2026<\/p>\n\n\n\n<p>Zum Abschluss haben wir noch Wunder gescheh\u2019n gesungen und pl\u00f6tzlich und unerwartet stand da ein Mann \u2013 er l\u00e4chelte still in sich hinein \u2013 er wusste ja, was gleich kommen w\u00fcrde.<\/p>\n\n\n\n<p>Der Eichwalder B\u00fcrgermeister J\u00f6rg Jenoch \u00fcberreichte unserer Chorleiterin eine kleine Plakette und eine Urkunde \u2013 eine Auszeichnung f\u00fcr vorbildliche ehrenamtliche Arbeit in der Chorgemeinschaft Eichwalde e.V.<\/p>\n\n\n\n<div class=\"wp-block-columns is-layout-flex wp-container-core-columns-is-layout-1 wp-block-columns-is-layout-flex\">\n<div class=\"wp-block-column is-layout-flow wp-block-column-is-layout-flow\">\n<figure class=\"wp-block-image size-full\"><img loading=\"lazy\" decoding=\"async\" width=\"912\" height=\"1000\" src=\"https:\/\/choreichwalde.de\/wp-content\/uploads\/2025\/06\/2025-06-14_Saskia-Ausz.-F-Kroh.jpeg\" alt=\"\" class=\"wp-image-3049\" srcset=\"https:\/\/choreichwalde.de\/wp-content\/uploads\/2025\/06\/2025-06-14_Saskia-Ausz.-F-Kroh.jpeg 912w, https:\/\/choreichwalde.de\/wp-content\/uploads\/2025\/06\/2025-06-14_Saskia-Ausz.-F-Kroh-274x300.jpeg 274w, https:\/\/choreichwalde.de\/wp-content\/uploads\/2025\/06\/2025-06-14_Saskia-Ausz.-F-Kroh-768x842.jpeg 768w\" sizes=\"auto, (max-width: 767px) 89vw, (max-width: 1000px) 54vw, (max-width: 1071px) 543px, 580px\" \/><figcaption class=\"wp-element-caption\">Foto: Kroh<\/figcaption><\/figure>\n<\/div>\n\n\n\n<div class=\"wp-block-column is-layout-flow wp-block-column-is-layout-flow\">\n<p>Er muss musikalisch sein! Denn er machte ein kleines \u201escherzo\u201c mit unserer Pianistin.<\/p>\n\n\n\n<p>Unser aller Beifall schwoll crescendo an, denn auch wir finden: Saskia ist Spitze!!!<\/p>\n\n\n\n<p>Sind Sie vielleicht das n\u00e4chste Mal dabei?<\/p>\n\n\n\n<p>Manuela Kroh (AG \u00d6A)<br><\/p>\n<\/div>\n<\/div>\n","protected":false},"excerpt":{"rendered":"<p>In bester Stimmung zeigten sich am 14.06.2025 beim Rosenfest die Vocalinos , das Publikum und die Sonne. Das Programm war gut gew\u00e4hlt und zeigte das K\u00f6nnen des Chores. Zun\u00e4chst sang der ganze Chor, dann nur die Gro\u00dfen und abschlie\u00dfend als Premiere wurde noch getanzt. Alle hatten viel Spa\u00df dabei und es war sicher nicht der &hellip; <\/p>\n<p class=\"link-more\"><a href=\"https:\/\/choreichwalde.de\/?p=3046\" class=\"more-link\"><span class=\"screen-reader-text\">\u201eRosenfest &#8211; wir waren dabei!\u201c<\/span> weiterlesen<\/a><\/p>\n","protected":false},"author":17,"featured_media":3048,"comment_status":"closed","ping_status":"closed","sticky":false,"template":"","format":"standard","meta":{"footnotes":""},"categories":[7,19,5],"tags":[],"class_list":["post-3046","post","type-post","status-publish","format-standard","has-post-thumbnail","hentry","category-gemischter-chor","category-verein","category-kinder-und-jugendchor"],"_links":{"self":[{"href":"https:\/\/choreichwalde.de\/index.php?rest_route=\/wp\/v2\/posts\/3046","targetHints":{"allow":["GET"]}}],"collection":[{"href":"https:\/\/choreichwalde.de\/index.php?rest_route=\/wp\/v2\/posts"}],"about":[{"href":"https:\/\/choreichwalde.de\/index.php?rest_route=\/wp\/v2\/types\/post"}],"author":[{"embeddable":true,"href":"https:\/\/choreichwalde.de\/index.php?rest_route=\/wp\/v2\/users\/17"}],"replies":[{"embeddable":true,"href":"https:\/\/choreichwalde.de\/index.php?rest_route=%2Fwp%2Fv2%2Fcomments&post=3046"}],"version-history":[{"count":4,"href":"https:\/\/choreichwalde.de\/index.php?rest_route=\/wp\/v2\/posts\/3046\/revisions"}],"predecessor-version":[{"id":3054,"href":"https:\/\/choreichwalde.de\/index.php?rest_route=\/wp\/v2\/posts\/3046\/revisions\/3054"}],"wp:featuredmedia":[{"embeddable":true,"href":"https:\/\/choreichwalde.de\/index.php?rest_route=\/wp\/v2\/media\/3048"}],"wp:attachment":[{"href":"https:\/\/choreichwalde.de\/index.php?rest_route=%2Fwp%2Fv2%2Fmedia&parent=3046"}],"wp:term":[{"taxonomy":"category","embeddable":true,"href":"https:\/\/choreichwalde.de\/index.php?rest_route=%2Fwp%2Fv2%2Fcategories&post=3046"},{"taxonomy":"post_tag","embeddable":true,"href":"https:\/\/choreichwalde.de\/index.php?rest_route=%2Fwp%2Fv2%2Ftags&post=3046"}],"curies":[{"name":"wp","href":"https:\/\/api.w.org\/{rel}","templated":true}]}}