{"id":3035,"date":"2025-05-31T17:25:39","date_gmt":"2025-05-31T15:25:39","guid":{"rendered":"https:\/\/choreichwalde.de\/?p=3035"},"modified":"2025-06-27T19:24:33","modified_gmt":"2025-06-27T17:24:33","slug":"zu-besuch-bei-freunden","status":"publish","type":"post","link":"https:\/\/choreichwalde.de\/?p=3035","title":{"rendered":"Zu Besuch bei Freunden"},"content":{"rendered":"\n<div class=\"wp-block-columns is-layout-flex wp-container-core-columns-is-layout-1 wp-block-columns-is-layout-flex\">\n<div class=\"wp-block-column is-layout-flow wp-block-column-is-layout-flow\">\n<figure class=\"wp-block-image size-full\"><img loading=\"lazy\" decoding=\"async\" width=\"86\" height=\"106\" src=\"https:\/\/choreichwalde.de\/wp-content\/uploads\/2025\/06\/image.jpeg\" alt=\"\" class=\"wp-image-3033\"\/><\/figure>\n<\/div>\n\n\n\n<div class=\"wp-block-column is-layout-flow wp-block-column-is-layout-flow\">\n<figure class=\"wp-block-image size-full\"><img loading=\"lazy\" decoding=\"async\" width=\"86\" height=\"108\" src=\"https:\/\/choreichwalde.de\/wp-content\/uploads\/2025\/06\/image-1.jpeg\" alt=\"\" class=\"wp-image-3040\"\/><\/figure>\n<\/div>\n<\/div>\n\n\n\n<p><strong>H\u00f6rt, H\u00f6rt,<\/strong> Ihr lieben Leute, jetzt war auch ich in Kargowa!<\/p>\n\n\n\n<p>Am Anfang der Story stehen die Auftritte der Chorgemeinschaft Eichwalde e.V. am 10.05.2025 und 11.05.2025. Unser Orchester Cantabile begann am 10.05.2025 um 11:00 Uhr, gefolgt vom Gemischten Chor um 15:00 Uhr und dann um 18:00 Uhr von GosPop. Am Sonntag, dem 11.05.2025, traten dann unsere herzallerliebsten Vocalinos auf. Bei all den Konzerten lie\u00df es sich Herr M\u00fccke, B\u00fcrgermeister von Schulzendorf, nicht nehmen, daran teilzuhaben. Wir feierten schlie\u00dflich 650 Jahre Schulzendorf!<\/p>\n\n\n\n<p>Unabh\u00e4ngig von all unseren sch\u00f6nen Liedern, die unser Orchester Cantabile als Repertoire f\u00fcr Sie bereit h\u00e4lt, war auch das polnische Lied: \u201eGdybym mia\u0142 gitar\u0119\u201c \u2013 was so viel bedeutet: \u201eWenn ich eine Gitarre h\u00e4tte\u2026\u201c. In diesem Lied besingt ein Mann seine Auserw\u00e4hlte mit den sch\u00f6nen dunklen Augen und versichert, dass er alles tun will, um sie zu gewinnen. (Ich rauche keine Pfeife mehr, ich trinke auch keinen Wodka und es ist mir ebenfalls egal, was die anderen sagen.)<\/p>\n\n\n\n<p>Da ich das Lied ganz knotenfrei \u00fcber die Lippen bekam, durfte ich es mit Orchesterbegleitung singen. Der eine Herr im Publikum, den ich nicht mal erkannte als den B\u00fcrgermeister Herrn M\u00fccke, war offenbar so begeistert, dass er das ganze kurzerhand mit dem Handy mitfilmte. Sp\u00e4ter bekam ich es mit: oooops, das ist ja Herr M\u00fccke\u2026 Also bin ich nach der Veranstaltung zu ihm hingegangen, weil ich ja wei\u00df, dass Schulzendorf und Kargowa Partnerst\u00e4dte sind, und habe ihm meinen Wunsch singend angetragen: \u201eIck war noch niemals in Kargowa\u201c. Herr M\u00fccke antwortete: \u201eAber wir waren schon mehrfach da\u201c. Und ich zur\u00fcck: \u201eIck wee\u00df, aber ich war noch nicht da\u201c\u2026<\/p>\n\n\n\n<p>Herr M\u00fccke war gerade dabei, das Handyvideo zur B\u00fcrgermeisterin von Kargowa zu versenden, die sich sehr \u00fcber diese nette Geste gefreut hatte. Musik verbindet halt.<\/p>\n\n\n\n<p>Nach ein paar Tagen erhielt ich tats\u00e4chlich eine Einladung \u00fcber das B\u00fcrgermeisterb\u00fcro, mit nach Kargowa zu fahren. Am 31.05.2025 w\u00e4re dort ein Volksfest. Na, was glauben Sie, habe ich zugesagt?<\/p>\n\n\n\n<p>Ach n\u00f6\u00f6\u00f6\u00f6\u00f6\u2026.&nbsp;&nbsp;&nbsp;&nbsp;&nbsp;&nbsp;&nbsp;&nbsp;&nbsp;&nbsp;&nbsp;&nbsp;&nbsp;&nbsp;&nbsp;&nbsp;&nbsp;&nbsp;&nbsp;&nbsp;&nbsp;&nbsp;&nbsp;&nbsp;&nbsp;&nbsp;&nbsp;&nbsp;&nbsp;&nbsp;&nbsp;&nbsp;&nbsp;&nbsp;&nbsp;&nbsp;&nbsp;&nbsp;&nbsp;&nbsp; NA KLARO!!!<\/p>\n\n\n\n<div class=\"wp-block-columns is-layout-flex wp-container-core-columns-is-layout-2 wp-block-columns-is-layout-flex\">\n<div class=\"wp-block-column is-layout-flow wp-block-column-is-layout-flow\">\n<figure class=\"wp-block-image size-full\"><img loading=\"lazy\" decoding=\"async\" width=\"742\" height=\"1000\" src=\"https:\/\/choreichwalde.de\/wp-content\/uploads\/2025\/06\/2025-05-31_Kargowa-1-F-Kroh.jpeg\" alt=\"\" class=\"wp-image-3038\" srcset=\"https:\/\/choreichwalde.de\/wp-content\/uploads\/2025\/06\/2025-05-31_Kargowa-1-F-Kroh.jpeg 742w, https:\/\/choreichwalde.de\/wp-content\/uploads\/2025\/06\/2025-05-31_Kargowa-1-F-Kroh-223x300.jpeg 223w\" sizes=\"auto, (max-width: 706px) 89vw, (max-width: 767px) 82vw, 740px\" \/><\/figure>\n<\/div>\n\n\n\n<div class=\"wp-block-column is-layout-flow wp-block-column-is-layout-flow\">\n<p>Und da es ein Volksfest war, dachte ich,<\/p>\n\n\n\n<p>ich ziehe mal die Auftrittssachen an<\/p>\n\n\n\n<p>\u2013 sch\u00f6n traditionell.<\/p>\n\n\n\n<p>Aber wie witzig:<\/p>\n\n\n\n<p>Ich war die Einzige auf dem ganzen Fest,<\/p>\n\n\n\n<p>die so traditionell gekleidet war.<\/p>\n<\/div>\n<\/div>\n\n\n\n<div class=\"wp-block-columns is-layout-flex wp-container-core-columns-is-layout-3 wp-block-columns-is-layout-flex\">\n<div class=\"wp-block-column is-layout-flow wp-block-column-is-layout-flow\">\n<p>Wir sa\u00dfen kurzweilige Stunden unter einer Art Sonnendachkuppel und haben uns sehr nett bei Kaffee und lecker Keksen unterhalten.<\/p>\n\n\n\n<p>Ich weniger, weil mich die ganzen Eindr\u00fccke so fesselten, aber Herr Reech tauschte sich intensiv mit der B\u00fcrgermeisterin Frau Paron, mit der stellv. B\u00fcrgermeisterin Frau \u017burawiecka und einer genialen \u00dcbersetzerin aus. \u00dcber dies und das, \u00fcber jenes und noch viel mehr &#8211; Gespr\u00e4che unter F\u00fchrungskr\u00e4ften halt. Wie macht ihr das? Habt ihr auch die und die Erfahrungen gemacht? Wie finanziert ihr solche Volksfeste? usw. usf.<\/p>\n<\/div>\n\n\n\n<div class=\"wp-block-column is-layout-flow wp-block-column-is-layout-flow\">\n<figure class=\"wp-block-image size-full\"><img loading=\"lazy\" decoding=\"async\" width=\"750\" height=\"1000\" src=\"https:\/\/choreichwalde.de\/wp-content\/uploads\/2025\/06\/2025-05-31_Kargowa-2-F-Kroh.jpeg\" alt=\"\" class=\"wp-image-3039\" srcset=\"https:\/\/choreichwalde.de\/wp-content\/uploads\/2025\/06\/2025-05-31_Kargowa-2-F-Kroh.jpeg 750w, https:\/\/choreichwalde.de\/wp-content\/uploads\/2025\/06\/2025-05-31_Kargowa-2-F-Kroh-225x300.jpeg 225w\" sizes=\"auto, (max-width: 706px) 89vw, (max-width: 767px) 82vw, 740px\" \/><\/figure>\n<\/div>\n<\/div>\n\n\n\n<div class=\"wp-block-columns is-layout-flex wp-container-core-columns-is-layout-4 wp-block-columns-is-layout-flex\">\n<div class=\"wp-block-column is-layout-flow wp-block-column-is-layout-flow\">\n<figure class=\"wp-block-image size-full\"><img loading=\"lazy\" decoding=\"async\" width=\"698\" height=\"1000\" src=\"https:\/\/choreichwalde.de\/wp-content\/uploads\/2025\/06\/2025-05-31_Kargowa-3-F-Kroh.jpeg\" alt=\"\" class=\"wp-image-3037\" srcset=\"https:\/\/choreichwalde.de\/wp-content\/uploads\/2025\/06\/2025-05-31_Kargowa-3-F-Kroh.jpeg 698w, https:\/\/choreichwalde.de\/wp-content\/uploads\/2025\/06\/2025-05-31_Kargowa-3-F-Kroh-209x300.jpeg 209w\" sizes=\"auto, (max-width: 698px) 100vw, 698px\" \/><\/figure>\n<\/div>\n\n\n\n<div class=\"wp-block-column is-layout-flow wp-block-column-is-layout-flow\">\n<p>Gegen 18:00 Uhr verabschiedeten wir uns und traten den Heimweg an. Im Nachgang bedauere ich zutiefst, nicht wenigstens mit einer der freundlichen Damen die Handynummer getauscht zu haben.<\/p>\n\n\n\n<p>Ob ich sie je wiedersehen werde? Ich wollte doch noch mehr polnisch lernen und von der Kultur erfahren. Nun ja\u2026<\/p>\n\n\n\n<p><\/p>\n\n\n\n<p><\/p>\n\n\n\n<p><\/p>\n<\/div>\n<\/div>\n\n\n\n<p>Ich wollte doch noch mehr polnisch lernen und von der Kultur erfahren. Nun ja\u2026<\/p>\n\n\n\n<p>Mir geistert seit Tagen ein Lied durch den Kopf \u2013 das Weltjugendlied mit den Worten aus dem Refrain \u201eUnser Lied die L\u00e4ndergrenzen \u00fcberfliegt, Freundschaft siegt\u201c. So soll es sein!<\/p>\n\n\n\n<p>Ich habe da mal so eine Idee: Was halten Sie davon, wenn wir \u2013 der Chor aus Kargowa und die Chorgemeinschaft Eichwalde e.V. ein gemeinsames Liedprojekt starten? Wir k\u00f6nnten zu Weihnachten gemeinsam singen: \u201e<em>Stille Nacht \u2013 heilige Nacht<\/em>\u201c und \u201e<em>Lulaj\u017ce, Jezuniu\u201c, beide Lieder in der jeweiligen Landessprache.<\/em><\/p>\n\n\n\n<p><em>Das w\u00e4re was: Mitten auf dem Platz vor dem Rathaus Schulzendorf eine vielstimmige weihnachtliche Atmosph\u00e4re schaffen.<\/em><\/p>\n\n\n\n<p><em>Schreiben Sie gern, was Sie davon halten und ob Sie einfach Lust und Zeit h\u00e4tten, dabei sein zu wollen. Wir freuen uns auf Ihre Nachrichten!<\/em><\/p>\n\n\n\n<p><em>Wir sehen uns!<\/em><\/p>\n\n\n\n<p><em>M. Kroh AG \u00d6A <\/em>(Fotos: M. Kroh)<\/p>\n","protected":false},"excerpt":{"rendered":"<p>H\u00f6rt, H\u00f6rt, Ihr lieben Leute, jetzt war auch ich in Kargowa! Am Anfang der Story stehen die Auftritte der Chorgemeinschaft Eichwalde e.V. am 10.05.2025 und 11.05.2025. Unser Orchester Cantabile begann am 10.05.2025 um 11:00 Uhr, gefolgt vom Gemischten Chor um 15:00 Uhr und dann um 18:00 Uhr von GosPop. Am Sonntag, dem 11.05.2025, traten dann &hellip; <\/p>\n<p class=\"link-more\"><a href=\"https:\/\/choreichwalde.de\/?p=3035\" class=\"more-link\"><span class=\"screen-reader-text\">\u201eZu Besuch bei Freunden\u201c<\/span> weiterlesen<\/a><\/p>\n","protected":false},"author":17,"featured_media":3038,"comment_status":"closed","ping_status":"closed","sticky":false,"template":"","format":"standard","meta":{"footnotes":""},"categories":[7,19],"tags":[],"class_list":["post-3035","post","type-post","status-publish","format-standard","has-post-thumbnail","hentry","category-gemischter-chor","category-verein"],"_links":{"self":[{"href":"https:\/\/choreichwalde.de\/index.php?rest_route=\/wp\/v2\/posts\/3035","targetHints":{"allow":["GET"]}}],"collection":[{"href":"https:\/\/choreichwalde.de\/index.php?rest_route=\/wp\/v2\/posts"}],"about":[{"href":"https:\/\/choreichwalde.de\/index.php?rest_route=\/wp\/v2\/types\/post"}],"author":[{"embeddable":true,"href":"https:\/\/choreichwalde.de\/index.php?rest_route=\/wp\/v2\/users\/17"}],"replies":[{"embeddable":true,"href":"https:\/\/choreichwalde.de\/index.php?rest_route=%2Fwp%2Fv2%2Fcomments&post=3035"}],"version-history":[{"count":7,"href":"https:\/\/choreichwalde.de\/index.php?rest_route=\/wp\/v2\/posts\/3035\/revisions"}],"predecessor-version":[{"id":3063,"href":"https:\/\/choreichwalde.de\/index.php?rest_route=\/wp\/v2\/posts\/3035\/revisions\/3063"}],"wp:featuredmedia":[{"embeddable":true,"href":"https:\/\/choreichwalde.de\/index.php?rest_route=\/wp\/v2\/media\/3038"}],"wp:attachment":[{"href":"https:\/\/choreichwalde.de\/index.php?rest_route=%2Fwp%2Fv2%2Fmedia&parent=3035"}],"wp:term":[{"taxonomy":"category","embeddable":true,"href":"https:\/\/choreichwalde.de\/index.php?rest_route=%2Fwp%2Fv2%2Fcategories&post=3035"},{"taxonomy":"post_tag","embeddable":true,"href":"https:\/\/choreichwalde.de\/index.php?rest_route=%2Fwp%2Fv2%2Ftags&post=3035"}],"curies":[{"name":"wp","href":"https:\/\/api.w.org\/{rel}","templated":true}]}}