{"id":2970,"date":"2025-04-05T18:00:00","date_gmt":"2025-04-05T16:00:00","guid":{"rendered":"https:\/\/choreichwalde.de\/?p=2970"},"modified":"2025-04-07T18:01:34","modified_gmt":"2025-04-07T16:01:34","slug":"nach-dem-konzert-ist-vor-dem-konzert","status":"publish","type":"post","link":"https:\/\/choreichwalde.de\/?p=2970","title":{"rendered":"Nach dem Konzert ist vor dem Konzert"},"content":{"rendered":"\n<p>Ja, wir, der Gemischte Chor unseres Vereins, sind motiviert unser n\u00e4chstes Konzert anl\u00e4sslich der 650-Jahrfeier Schulzendorfs am 10.05.2025 zu gestalten.<\/p>\n\n\n\n<p>Und weil Ostern eine Probe entf\u00e4llt, versammelte sich heute, am Samstag, 05.04.2025, ein gro\u00dfer Teil des Chores um unsere Dirigentin Saskia Sellnau zur intensiven Probe in der \u201eVilla Mosaik\u201c.<\/p>\n\n\n\n<figure class=\"wp-block-image size-full\"><img loading=\"lazy\" decoding=\"async\" width=\"1000\" height=\"521\" src=\"https:\/\/choreichwalde.de\/wp-content\/uploads\/2025\/04\/2025-04-05_GCH-Sonderprobe-F_Fritz_2.jpg\" alt=\"\" class=\"wp-image-2972\" srcset=\"https:\/\/choreichwalde.de\/wp-content\/uploads\/2025\/04\/2025-04-05_GCH-Sonderprobe-F_Fritz_2.jpg 1000w, https:\/\/choreichwalde.de\/wp-content\/uploads\/2025\/04\/2025-04-05_GCH-Sonderprobe-F_Fritz_2-300x156.jpg 300w, https:\/\/choreichwalde.de\/wp-content\/uploads\/2025\/04\/2025-04-05_GCH-Sonderprobe-F_Fritz_2-768x400.jpg 768w\" sizes=\"auto, (max-width: 767px) 89vw, (max-width: 1000px) 54vw, (max-width: 1071px) 543px, 580px\" \/><\/figure>\n\n\n\n<p>Begonnen haben wir mit Atem\u00fcbungen und Einsingen unter der Leitung von Christina Seifert, unserer engagierten Stimmbildnerin. Danach \u00fcbte sie mit uns stimmgruppenweise spezielle Passagen aus unseren Liedern und gab hilfreiche Hinweise, die wir in den weiteren Proben und zum Konzert umsetzen k\u00f6nnen.<\/p>\n\n\n\n<p>Saskia w\u00e4hlte <strong>\u201eKomm holder Lenz\u201c<\/strong> aus \u201eDie Jahreszeiten\u201c (Joseph Haydn) zu unserem heutigen Schwerpunkt. Das passte, denn drau\u00dfen war es noch recht frisch trotz Sonne, die sich hin und wieder blicken lie\u00df. Die neuen Mitglieder \u201ek\u00e4mpften\u201c sich mit uns durch die fassettenreichen Abschnitte von 10 Notenseiten!!!<\/p>\n\n\n\n<p>Zu allererst begann Saskia in den Samstagmorgenstunden mit uns, noch stimmschonend, wieder ein paar Seiten aus dem f\u00fcr alle neuen 12seitigen \u201eAdiemus\u201c von Karl Jenkins zu erarbeiten! Die Vocalinos singen diesen Titel ebenfalls und OHNE Notenblatt! Ein hehres Ziel f\u00fcr uns \u00c4ltere!<\/p>\n\n\n\n<figure class=\"wp-block-image size-full\"><img loading=\"lazy\" decoding=\"async\" width=\"1000\" height=\"450\" src=\"https:\/\/choreichwalde.de\/wp-content\/uploads\/2025\/04\/2025-04-05_GCH-Sonderprobe-F_Fritz_1.jpg\" alt=\"\" class=\"wp-image-2973\" srcset=\"https:\/\/choreichwalde.de\/wp-content\/uploads\/2025\/04\/2025-04-05_GCH-Sonderprobe-F_Fritz_1.jpg 1000w, https:\/\/choreichwalde.de\/wp-content\/uploads\/2025\/04\/2025-04-05_GCH-Sonderprobe-F_Fritz_1-300x135.jpg 300w, https:\/\/choreichwalde.de\/wp-content\/uploads\/2025\/04\/2025-04-05_GCH-Sonderprobe-F_Fritz_1-768x346.jpg 768w\" sizes=\"auto, (max-width: 767px) 89vw, (max-width: 1000px) 54vw, (max-width: 1071px) 543px, 580px\" \/><\/figure>\n\n\n\n<p>Zwischendurch widmeten wir uns der \u201eZ\u00e4rtlichen Liebe\u201c von Ludwig van Beethoven, einem sehr emotionalen Lied! Es h\u00f6rte sich schon ganz gut an, aber Saskia wird noch mit uns an den Feinheiten arbeiten wollen!?<\/p>\n\n\n\n<p>Nach der Mittagspause, in der sich alle mit Selbstbereitetem oder Gekauftem gest\u00e4rkt und nett miteinander geplaudert hatten, kam Schwung in die S\u00e4ngerschar: &nbsp;beim \u201eLiebeskummer lohnt sich nicht\u2026\u201c (C. Bruhn) gibt uns Saskia das klare Ziel vor:&nbsp; Auftritt OHNE Notenblatt! Aber wir werden das schaffen!<\/p>\n\n\n\n<p>Um nochmals unsere Stimmen so richtig zu schulen, nahm Saskia das Finnische Volkslied \u201eFern weilt mein Liebster\u201c ins Repertoire des heutigen Probentages anl\u00e4sslich des bevorstehenden n\u00e4chsten Konzertes.<\/p>\n\n\n\n<p>Mit den Kl\u00e4ngen und den neuerworbenen Singe -Techniken der vergangenen 4,5 Stunden im Ohr gingen oder fuhren wir einem sch\u00f6nen Restwochenende im April entgegen.<\/p>\n\n\n\n<p>Danke Saskia und Christina -Bis zur n\u00e4chsten Probe am Montag.<\/p>\n\n\n\n<p>Sabine Fritz<\/p>\n\n\n\n<p>(Fotos \u2013 Fritz)<\/p>\n","protected":false},"excerpt":{"rendered":"<p>Ja, wir, der Gemischte Chor unseres Vereins, sind motiviert unser n\u00e4chstes Konzert anl\u00e4sslich der 650-Jahrfeier Schulzendorfs am 10.05.2025 zu gestalten. Und weil Ostern eine Probe entf\u00e4llt, versammelte sich heute, am Samstag, 05.04.2025, ein gro\u00dfer Teil des Chores um unsere Dirigentin Saskia Sellnau zur intensiven Probe in der \u201eVilla Mosaik\u201c. Begonnen haben wir mit Atem\u00fcbungen und &hellip; <\/p>\n<p class=\"link-more\"><a href=\"https:\/\/choreichwalde.de\/?p=2970\" class=\"more-link\"><span class=\"screen-reader-text\">\u201eNach dem Konzert ist vor dem Konzert\u201c<\/span> weiterlesen<\/a><\/p>\n","protected":false},"author":17,"featured_media":0,"comment_status":"closed","ping_status":"closed","sticky":false,"template":"","format":"standard","meta":{"footnotes":""},"categories":[7,19],"tags":[],"class_list":["post-2970","post","type-post","status-publish","format-standard","hentry","category-gemischter-chor","category-verein"],"_links":{"self":[{"href":"https:\/\/choreichwalde.de\/index.php?rest_route=\/wp\/v2\/posts\/2970","targetHints":{"allow":["GET"]}}],"collection":[{"href":"https:\/\/choreichwalde.de\/index.php?rest_route=\/wp\/v2\/posts"}],"about":[{"href":"https:\/\/choreichwalde.de\/index.php?rest_route=\/wp\/v2\/types\/post"}],"author":[{"embeddable":true,"href":"https:\/\/choreichwalde.de\/index.php?rest_route=\/wp\/v2\/users\/17"}],"replies":[{"embeddable":true,"href":"https:\/\/choreichwalde.de\/index.php?rest_route=%2Fwp%2Fv2%2Fcomments&post=2970"}],"version-history":[{"count":5,"href":"https:\/\/choreichwalde.de\/index.php?rest_route=\/wp\/v2\/posts\/2970\/revisions"}],"predecessor-version":[{"id":2977,"href":"https:\/\/choreichwalde.de\/index.php?rest_route=\/wp\/v2\/posts\/2970\/revisions\/2977"}],"wp:attachment":[{"href":"https:\/\/choreichwalde.de\/index.php?rest_route=%2Fwp%2Fv2%2Fmedia&parent=2970"}],"wp:term":[{"taxonomy":"category","embeddable":true,"href":"https:\/\/choreichwalde.de\/index.php?rest_route=%2Fwp%2Fv2%2Fcategories&post=2970"},{"taxonomy":"post_tag","embeddable":true,"href":"https:\/\/choreichwalde.de\/index.php?rest_route=%2Fwp%2Fv2%2Ftags&post=2970"}],"curies":[{"name":"wp","href":"https:\/\/api.w.org\/{rel}","templated":true}]}}