{"id":2961,"date":"2025-03-30T17:49:01","date_gmt":"2025-03-30T15:49:01","guid":{"rendered":"https:\/\/choreichwalde.de\/?p=2961"},"modified":"2025-04-15T17:29:38","modified_gmt":"2025-04-15T15:29:38","slug":"konzert-der-chorgemeinschaft-eichwalde-am-30-03-25-in-der-evangelischen-kirche-in-eichwalde","status":"publish","type":"post","link":"https:\/\/choreichwalde.de\/?p=2961","title":{"rendered":"Konzert der \u201eChorgemeinschaft Eichwalde\u201c am 30.03.25 in der Evangelischen Kirche in Eichwalde"},"content":{"rendered":"\n<p>Trotz umfangreicher Bauarbeiten um die Eichwalder Evangelische Kirche herum str\u00f6mten viele Musikbegeisterte an diesem regnerischen Sonntag zum Konzert der Chorgemeinschaft Eichwalde, vielleicht in dem Wissen, hier etwas von der Freude und Begeisterung am Singen und an der Musik zu finden, das einem Regentag wie diesen ein bisschen Sonne verleiht.<\/p>\n\n\n\n<p>Die \u201eChorgemeinschaft Eichwalde\u201c erhielt 1973 ihren Namen durch die Fusion aus dem 1919 gegr\u00fcndeten Eichwalder M\u00e4nnerchor und dem Eichwalder Frauenchor. Heute vereinigt sie mit 125 Mitgliedern den Gemischten Chor, GosPop, den Kinderchor Vocalinos sowie das Orchester Cantabile. 2019 wurde sie zum 100j\u00e4hrigen Bestehen mit der \u201eZelter Plakette\u201c geehrt.<\/p>\n\n\n\n<div class=\"wp-block-columns is-layout-flex wp-container-core-columns-is-layout-1 wp-block-columns-is-layout-flex\">\n<div class=\"wp-block-column is-layout-flow wp-block-column-is-layout-flow\">\n<figure class=\"wp-block-image size-full\"><img loading=\"lazy\" decoding=\"async\" width=\"1000\" height=\"666\" src=\"https:\/\/choreichwalde.de\/wp-content\/uploads\/2025\/04\/2025-03-30_Martina-Saskia-F-Fritz.jpg\" alt=\"\" class=\"wp-image-2964\" srcset=\"https:\/\/choreichwalde.de\/wp-content\/uploads\/2025\/04\/2025-03-30_Martina-Saskia-F-Fritz.jpg 1000w, https:\/\/choreichwalde.de\/wp-content\/uploads\/2025\/04\/2025-03-30_Martina-Saskia-F-Fritz-300x200.jpg 300w, https:\/\/choreichwalde.de\/wp-content\/uploads\/2025\/04\/2025-03-30_Martina-Saskia-F-Fritz-768x511.jpg 768w, https:\/\/choreichwalde.de\/wp-content\/uploads\/2025\/04\/2025-03-30_Martina-Saskia-F-Fritz-272x182.jpg 272w\" sizes=\"auto, (max-width: 767px) 89vw, (max-width: 1000px) 54vw, (max-width: 1071px) 543px, 580px\" \/><\/figure>\n<\/div>\n\n\n\n<div class=\"wp-block-column is-layout-flow wp-block-column-is-layout-flow\">\n<p>Die musikalische Leitung hat Saskia Sellnau f\u00fcr die Erwachsenench\u00f6re sowie das Orchester, Martina B\u00fcttner leitet den von ihr ins Leben gerufenen Kinder- und Jugendchor. (siehe Foto)<\/p>\n<\/div>\n<\/div>\n\n\n\n<p>Es war etwas Besonderes an diesem Tag, denn alle Ch\u00f6re und das Orchester traten gemeinsam aber auch einzeln auf. So konnten die Zuh\u00f6renden sich ein Bild von all dem musikalischen Schatz machen, den unsere Ch\u00f6re und das Orchester zu bieten haben. Das Konzert sollte gleichzeitig auch den Zuh\u00f6rern die M\u00f6glichkeit geben, bei einigen Liedern einfach einmal mitzusingen und vielleicht sogar einmal den Weg in eine Probe zu finden.<\/p>\n\n\n\n<p>Es war ein breitgef\u00e4chertes und abwechslungsreiches Programm, das von den Moderatorinnen Heike Schubert,&nbsp; Manuela Kroh, Katrin M\u00fcller und Svenja B\u00fcttner begleitet und umrahmt wurde. Am Klavier begleitet wurden die S\u00e4nger von Dawoon Jung und Tino H\u00f6ch.<\/p>\n\n\n\n<p>Den Anfang machte der Gemischte Chor mit seiner imposanten Einlage \u201eViva la vida\u201c, gefolgt von \u201eErlaube mir, feins M\u00e4dchen\u201c und \u201eIch wollt einmal nach Rosen gehn\u201c. Das Quartett des Gemischten Chores mit Konstanze Kozma, Katrin M\u00fcller, Saskia Sellnau, Karin Hinz, Claudia Markert, Joachim Rose, Gerhard Hinz und Winfried Rosol lie\u00df wohl einige daraufhin den Atem anhalten, so rein und klar erklang die \u201eNachtigall\u201c. Beschwingt weiter ging es dann mit dem Schlager \u201e Schuld war nur der Bossa Nova\u201c, eine Einladung zum Mitschunkeln und Mitsingen. Ein weiteres Volkslied \u201e Was w\u00f6lln wir auf den Abend tun\u201c erklang, bevor der norwegische Hochzeitsmarsch \u201eBruremarsj fra Valsoyfjord\/Aure\u201c den vorl\u00e4ufigen Abschluss der St\u00fccke des Gemischten Chores machte.<\/p>\n\n\n\n<figure class=\"wp-block-image size-full\"><img loading=\"lazy\" decoding=\"async\" width=\"1000\" height=\"563\" src=\"https:\/\/choreichwalde.de\/wp-content\/uploads\/2025\/04\/2025-03-30_GCH-Vocalinos-F-Fritz.jpg\" alt=\"\" class=\"wp-image-2965\" srcset=\"https:\/\/choreichwalde.de\/wp-content\/uploads\/2025\/04\/2025-03-30_GCH-Vocalinos-F-Fritz.jpg 1000w, https:\/\/choreichwalde.de\/wp-content\/uploads\/2025\/04\/2025-03-30_GCH-Vocalinos-F-Fritz-300x169.jpg 300w, https:\/\/choreichwalde.de\/wp-content\/uploads\/2025\/04\/2025-03-30_GCH-Vocalinos-F-Fritz-768x432.jpg 768w\" sizes=\"auto, (max-width: 767px) 89vw, (max-width: 1000px) 54vw, (max-width: 1071px) 543px, 580px\" \/><\/figure>\n\n\n\n<p>Aber vorher sollte die wunderbare Hymne von Leonard Cohen \u201eHalleluja\u201c, die der Gemischte Chor gemeinsam mit den Vocalinos sang, die Herzen der Zuh\u00f6ren erfreuen. (siehe Foto)<\/p>\n\n\n\n<p>Die Vocalinos wurden 2008 als Kinder- und Jugendchor gegr\u00fcndet und erhielten 2024 ihrem neuen Name. 40 Kinder und Jugendliche im Alter zwischen 6 und 18 Jahren singen unter der Leitung von Martina B\u00fcttner u.a. Filmtitel, Gospel, deutsche und englischsprachige Popsongs. Sie zeigten nun ihr K\u00f6nnen in einer liebevoll arrangierten Darbietung meist fremdsprachiger Lieder, die manchem Zuh\u00f6rer das Herz schmelzen lie\u00df. Den Anfang machte das spritzige St\u00fcck \u201eLollipop\u201c mit Luisa Seifert und Johanna Maringer als Solistinnen, gefolgt von \u201eWhat shall we do\u201c und \u201eIch lieb den Fr\u00fchling\u201c. Weiter ging es mit dem \u201eFarbenspiel des Winds\u201c mit den Solistinnen Charlotte Bernheiden, Katharina Arnold und schlie\u00dflich dem fetzigen St\u00fcck \u201eSupercalli\u201c mit den Solistinnen Annika Lohmann und Emilia Graf.<\/p>\n\n\n\n<p>Nach dieser erfrischenden Einlage ging es kurz vor der Pause weiter zur Darbietung des Orchesters Cantabile, dessen erstes St\u00fcck \u201e Der Fr\u00fchling hat sich eingestellt\u201c vom lustigem Vogelgezwitscher der Vocalinos begleitet wurde.<\/p>\n\n\n\n<p>Das \u201eOrchester Cantabile\u201c, 2009 aus Anlass des 90 j\u00e4hrigen Jublil\u00e4ums der \u201eChorgemeinschaft Eichwalde\u201c gegr\u00fcndet, vereinigt Mandoline, Mandola, Gitarre, Geige, Cello, Klavier, Fl\u00f6te, Mundharmonika, Klarinette, Akkordeon, Horn, Glockenspiel und Percussion und erzeugt so seinen einmaligen Klang. Der Name \u201eOrchester Cantabile\u201c entstand in Anlehnung an die Chorgemeinschaft, aus der das Orchester &#8211; anfangs mit nur 7 S\u00e4ngern- und S\u00e4ngerinnen, heute sind es 24 &#8211; hervorging. Gespielt wird quer durch die Musikliteratur von Folklore bis klassischen Einzelst\u00fccken.<\/p>\n\n\n\n<p>\u201eSakura, sakura\u201c mit Bianca Noack als Solistin folgte vor der Pause, in der, wer wollte, sich mit Getr\u00e4nken erfrischen konnte.<\/p>\n\n\n\n<p>Der Vorstand mit Stephan Reimann und Heike Schubert lie\u00df es sich nicht nehmen, nach der Pause das langj\u00e4hrige Vorstandsmitglied Joachim Rose zu ehren, der seit 27 Jahren sowohl den Gemischten Chor mit seiner Tenorstimme als auch das Orchester mit der Mandola bereichert. Ihm wurde ein Fotob\u00fcchlein mit gesammelten Erinnerungen \u00fcberreicht.<\/p>\n\n\n\n<p>Weiter ging es mit dem italienischen Tanzlied \u201eL\u2019 innamorato\u201c, der irischen Volksweise \u201eDown by the Salley Gardens\u201c mit Manfred Hentrich als Mundharmonika Solist und dem schottischen Lied \u201eLoch Lomond\u201c. Imposant und beeindruckend war das St\u00fcck \u201eIn der Halle des Bergk\u00f6nigs\u201c von Edvard Grieg aus dem Peer Gynt.<\/p>\n\n\n\n<p>Die Vocalinos beeindruckten ein weiteres Mal mit \u201eVois sur ton chemin\u201c, \u201eVem kan segla\u201c und mit \u201eAdiemus\u201c die Zuschauer, die sie mit starkem Applaus belohnten.<\/p>\n\n\n\n<p>GosPop, j\u00fcngstes Mitglied der Chorgemeinschaft, wurde 2015 ins Leben gerufen und 2021 als Frauenchor neu aufgestellt. Gesungen werden deutsch- und englischsprachige Popsongs und Gospel. Mit viel Schwung und guter Laune ist dieser vorwiegend junge aber insgesamt alle Generationen umfassende Chor in der Chorgemeinschaft dabei. Die Solistinnen Anja Theuer, Verena Seifert, Jenny Lau, Heike Schubert und Antje-Marie Bergner beeindruckten im gef\u00fchlvollen und ruhigen \u201eFix you\u201c, ebenso herzergreifend ging es weiter in \u201eShallow\u201c mit den Solistinnen Adina Dahmke und Katja Bergander und \u201eDeep River\u201c.<\/p>\n\n\n\n<p>Zu erw\u00e4hnen ist auch, dass die Hilfsdirigentinnen Anke Bolt, Jolina Robert und Sonja Hermenau zum Einsatz kamen. Bei \u201eRock my Soul\u201c war das Publikum noch einmal zum Mitklatschen und Mitsingen eingeladen. \u201eAll Night, all day\u201e und \u201eHail Holy Queen\u201c bildeten den Abschluss der Darbietung des GosPop.<\/p>\n\n\n\n<figure class=\"wp-block-image size-full\"><img loading=\"lazy\" decoding=\"async\" width=\"1000\" height=\"440\" src=\"https:\/\/choreichwalde.de\/wp-content\/uploads\/2025\/04\/2025-03-30_Finale-F-Fritz.jpg\" alt=\"\" class=\"wp-image-2963\" srcset=\"https:\/\/choreichwalde.de\/wp-content\/uploads\/2025\/04\/2025-03-30_Finale-F-Fritz.jpg 1000w, https:\/\/choreichwalde.de\/wp-content\/uploads\/2025\/04\/2025-03-30_Finale-F-Fritz-300x132.jpg 300w, https:\/\/choreichwalde.de\/wp-content\/uploads\/2025\/04\/2025-03-30_Finale-F-Fritz-768x338.jpg 768w\" sizes=\"auto, (max-width: 767px) 89vw, (max-width: 1000px) 54vw, (max-width: 1071px) 543px, 580px\" \/><\/figure>\n\n\n\n<p>Zum Abschluss des Konzertes erklang das St\u00fcck \u201eEvening rise\u201c gemeinsam mit den 3 Ch\u00f6ren und dem Orchester. Ebenso war auch die Zugabe &#8211; noch einmal das wunderbare \u201eViva la vida\u201c \u2013 eine Gemeinschaftsproduktion und hinterlie\u00df so einen imposanten und sicher bleibenden Eindruck beim zufriedenen Publikum. (siehe Foto)<\/p>\n\n\n\n<p>Annette B\u00fcttner, AG \u00d6A, Fotos: Fritz<\/p>\n\n\n\n<p><\/p>\n","protected":false},"excerpt":{"rendered":"<p>Trotz umfangreicher Bauarbeiten um die Eichwalder Evangelische Kirche herum str\u00f6mten viele Musikbegeisterte an diesem regnerischen Sonntag zum Konzert der Chorgemeinschaft Eichwalde, vielleicht in dem Wissen, hier etwas von der Freude und Begeisterung am Singen und an der Musik zu finden, das einem Regentag wie diesen ein bisschen Sonne verleiht. Die \u201eChorgemeinschaft Eichwalde\u201c erhielt 1973 ihren &hellip; <\/p>\n<p class=\"link-more\"><a href=\"https:\/\/choreichwalde.de\/?p=2961\" class=\"more-link\"><span class=\"screen-reader-text\">\u201eKonzert der \u201eChorgemeinschaft Eichwalde\u201c am 30.03.25 in der Evangelischen Kirche in Eichwalde\u201c<\/span> weiterlesen<\/a><\/p>\n","protected":false},"author":17,"featured_media":0,"comment_status":"closed","ping_status":"closed","sticky":false,"template":"","format":"standard","meta":{"footnotes":""},"categories":[7,20,6,19,5],"tags":[],"class_list":["post-2961","post","type-post","status-publish","format-standard","hentry","category-gemischter-chor","category-gospop","category-instrumentalgruppe","category-verein","category-kinder-und-jugendchor"],"_links":{"self":[{"href":"https:\/\/choreichwalde.de\/index.php?rest_route=\/wp\/v2\/posts\/2961","targetHints":{"allow":["GET"]}}],"collection":[{"href":"https:\/\/choreichwalde.de\/index.php?rest_route=\/wp\/v2\/posts"}],"about":[{"href":"https:\/\/choreichwalde.de\/index.php?rest_route=\/wp\/v2\/types\/post"}],"author":[{"embeddable":true,"href":"https:\/\/choreichwalde.de\/index.php?rest_route=\/wp\/v2\/users\/17"}],"replies":[{"embeddable":true,"href":"https:\/\/choreichwalde.de\/index.php?rest_route=%2Fwp%2Fv2%2Fcomments&post=2961"}],"version-history":[{"count":5,"href":"https:\/\/choreichwalde.de\/index.php?rest_route=\/wp\/v2\/posts\/2961\/revisions"}],"predecessor-version":[{"id":2979,"href":"https:\/\/choreichwalde.de\/index.php?rest_route=\/wp\/v2\/posts\/2961\/revisions\/2979"}],"wp:attachment":[{"href":"https:\/\/choreichwalde.de\/index.php?rest_route=%2Fwp%2Fv2%2Fmedia&parent=2961"}],"wp:term":[{"taxonomy":"category","embeddable":true,"href":"https:\/\/choreichwalde.de\/index.php?rest_route=%2Fwp%2Fv2%2Fcategories&post=2961"},{"taxonomy":"post_tag","embeddable":true,"href":"https:\/\/choreichwalde.de\/index.php?rest_route=%2Fwp%2Fv2%2Ftags&post=2961"}],"curies":[{"name":"wp","href":"https:\/\/api.w.org\/{rel}","templated":true}]}}