{"id":2937,"date":"2025-02-21T18:24:25","date_gmt":"2025-02-21T17:24:25","guid":{"rendered":"https:\/\/choreichwalde.de\/?p=2937"},"modified":"2025-02-23T17:09:21","modified_gmt":"2025-02-23T16:09:21","slug":"21-02-2025-jahreshauptversammlung-der-chorgemeinschaft-eichwalde-e-v","status":"publish","type":"post","link":"https:\/\/choreichwalde.de\/?p=2937","title":{"rendered":"21.02.2025 &#8211; Jahreshauptversammlung der Chorgemeinschaft Eichwalde e.V."},"content":{"rendered":"\n<p>Wie in jedem Jahr hatte der Vorstand die Aufgabe, eine Jahreshauptversammlung f\u00fcr die z.Z. 134 Mitglieder einzuberufen und \u00fcber das vergangene Jahr ein Res\u00fcmee zu ziehen, von den Mitgliedern f\u00fcr seine Vorstandsarbeit entlastet zu werden und Beschl\u00fcsse herbeizuf\u00fchren. Und so nahmen (v. li.) die Schriftf\u00fchrerin Sabine Fritz, die stell. Vorsitzende Heike Schubert, der Vorsitzende Stephan Reimann und die stellv. Schatzmeisterin Katja Berganer auf der B\u00fchne der Patronatskirche ihren Platz ein. <\/p>\n\n\n\n<div class=\"wp-block-columns is-layout-flex wp-container-core-columns-is-layout-1 wp-block-columns-is-layout-flex\">\n<div class=\"wp-block-column is-layout-flow wp-block-column-is-layout-flow\">\n<figure class=\"wp-block-image size-full\"><img loading=\"lazy\" decoding=\"async\" width=\"1000\" height=\"748\" src=\"https:\/\/choreichwalde.de\/wp-content\/uploads\/2025\/02\/2025-02-21_JHV-Vorstand-F-Kraegel.jpg\" alt=\"\" class=\"wp-image-2933\" srcset=\"https:\/\/choreichwalde.de\/wp-content\/uploads\/2025\/02\/2025-02-21_JHV-Vorstand-F-Kraegel.jpg 1000w, https:\/\/choreichwalde.de\/wp-content\/uploads\/2025\/02\/2025-02-21_JHV-Vorstand-F-Kraegel-300x224.jpg 300w, https:\/\/choreichwalde.de\/wp-content\/uploads\/2025\/02\/2025-02-21_JHV-Vorstand-F-Kraegel-768x574.jpg 768w\" sizes=\"auto, (max-width: 767px) 89vw, (max-width: 1000px) 54vw, (max-width: 1071px) 543px, 580px\" \/><\/figure>\n<\/div>\n\n\n\n<div class=\"wp-block-column is-layout-flow wp-block-column-is-layout-flow\">\n<p>Zu Anfang wurde unsere \u201eChor-Hymne\u201c -Singe, wem Gesang gegeben- gesungen, dann die Tagesordnung best\u00e4tigt und langj\u00e4hrige Mitglieder geehrt. <\/p>\n<\/div>\n<\/div>\n\n\n\n<div class=\"wp-block-columns is-layout-flex wp-container-core-columns-is-layout-2 wp-block-columns-is-layout-flex\">\n<div class=\"wp-block-column is-layout-flow wp-block-column-is-layout-flow\">\n<p>Neben den 10, 15 und 30j\u00e4hrigen Mitgliedschaften war diesmal eine 35j\u00e4hrige Mitgliedschaft dabei: Ronny Kr\u00e4gel, der mit 18 Jahren in den Gemischten Chor eintrat und die Tenorstimme sang.<\/p>\n\n\n\n<p><\/p>\n\n\n\n<p><\/p>\n<\/div>\n\n\n\n<div class=\"wp-block-column is-layout-flow wp-block-column-is-layout-flow\"><div class=\"wp-block-image\">\n<figure class=\"aligncenter size-full is-resized\"><img loading=\"lazy\" decoding=\"async\" width=\"748\" height=\"1000\" src=\"https:\/\/choreichwalde.de\/wp-content\/uploads\/2025\/02\/2025-02-21_R.-Kraegel-35-J.-Mitglied-F-Kraegel.jpg\" alt=\"\" class=\"wp-image-2932\" style=\"width:221px;height:auto\" srcset=\"https:\/\/choreichwalde.de\/wp-content\/uploads\/2025\/02\/2025-02-21_R.-Kraegel-35-J.-Mitglied-F-Kraegel.jpg 748w, https:\/\/choreichwalde.de\/wp-content\/uploads\/2025\/02\/2025-02-21_R.-Kraegel-35-J.-Mitglied-F-Kraegel-224x300.jpg 224w\" sizes=\"auto, (max-width: 706px) 89vw, (max-width: 767px) 82vw, 740px\" \/><\/figure><\/div><\/div>\n<\/div>\n\n\n\n<p>Der Vorstand berichtete \u00fcber seine direkten Aufgaben, lobte die gute Arbeit der Mitglieder in den AG\u2019s, erl\u00e4uterte am Beamer die Infos auf der internen Webseite und den Arbeitsplan 2025. Die Finanzen von 2024 wurden durch die Revisoren ohne Beanstandung gepr\u00fcft sowie der Finanzplan und die Vereinsziele f\u00fcr 2025 verabschiedet.<\/p>\n\n\n\n<div class=\"wp-block-columns is-layout-flex wp-container-core-columns-is-layout-3 wp-block-columns-is-layout-flex\">\n<div class=\"wp-block-column is-layout-flow wp-block-column-is-layout-flow\">\n<figure class=\"wp-block-image size-full is-resized\"><img loading=\"lazy\" decoding=\"async\" width=\"542\" height=\"1000\" src=\"https:\/\/choreichwalde.de\/wp-content\/uploads\/2025\/02\/2025-02-21_JHV-S.-Sellnau-F-Kraegel.jpg\" alt=\"\" class=\"wp-image-2934\" style=\"width:192px;height:auto\" srcset=\"https:\/\/choreichwalde.de\/wp-content\/uploads\/2025\/02\/2025-02-21_JHV-S.-Sellnau-F-Kraegel.jpg 542w, https:\/\/choreichwalde.de\/wp-content\/uploads\/2025\/02\/2025-02-21_JHV-S.-Sellnau-F-Kraegel-163x300.jpg 163w\" sizes=\"auto, (max-width: 542px) 100vw, 542px\" \/><\/figure>\n<\/div>\n\n\n\n<div class=\"wp-block-column is-layout-flow wp-block-column-is-layout-flow\">\n<figure class=\"wp-block-image size-full\"><img loading=\"lazy\" decoding=\"async\" width=\"561\" height=\"1000\" src=\"https:\/\/choreichwalde.de\/wp-content\/uploads\/2025\/02\/2025-02-21_M.-Buettner-F-Kraegel.jpg\" alt=\"\" class=\"wp-image-2936\" srcset=\"https:\/\/choreichwalde.de\/wp-content\/uploads\/2025\/02\/2025-02-21_M.-Buettner-F-Kraegel.jpg 561w, https:\/\/choreichwalde.de\/wp-content\/uploads\/2025\/02\/2025-02-21_M.-Buettner-F-Kraegel-168x300.jpg 168w\" sizes=\"auto, (max-width: 561px) 100vw, 561px\" \/><\/figure>\n<\/div>\n\n\n\n<div class=\"wp-block-column is-layout-flow wp-block-column-is-layout-flow\">\n<p>Die k\u00fcnstlerischen Leiterinnen Martina B\u00fcttner (Vocalinos) und Saskia Sellnau (GCH, GosPop, Cantabile) best\u00e4tigten f\u00fcr die 4 Ensembles eine gute Entwicklung im Jahr 2024, was bei den insgesamt 22 <\/p>\n<\/div>\n<\/div>\n\n\n\n<p>erfolgreichen Konzerten und kleineren Auftritten (GCH 7, IG 6, Vocalinos 6, GosPop 5) \u00f6ffentliches Interesse f\u00f6rderte, wozu 9 Sonderproben und 3 Probenwochenenden beitrugen.<\/p>\n\n\n\n<p> Die anwesenden Mitglieder bedankten sich mit viel Beifall f\u00fcr die Arbeit des Vorstandes und der Dirigentinnen.<\/p>\n\n\n\n<div class=\"wp-block-columns is-layout-flex wp-container-core-columns-is-layout-4 wp-block-columns-is-layout-flex\">\n<div class=\"wp-block-column is-layout-flow wp-block-column-is-layout-flow\">\n<figure class=\"wp-block-image size-full is-resized\"><img loading=\"lazy\" decoding=\"async\" width=\"1000\" height=\"694\" src=\"https:\/\/choreichwalde.de\/wp-content\/uploads\/2025\/02\/2025-02-21_JHV-Mitgl.-F-Kraegel.jpg\" alt=\"\" class=\"wp-image-2935\" style=\"width:260px;height:auto\" srcset=\"https:\/\/choreichwalde.de\/wp-content\/uploads\/2025\/02\/2025-02-21_JHV-Mitgl.-F-Kraegel.jpg 1000w, https:\/\/choreichwalde.de\/wp-content\/uploads\/2025\/02\/2025-02-21_JHV-Mitgl.-F-Kraegel-300x208.jpg 300w, https:\/\/choreichwalde.de\/wp-content\/uploads\/2025\/02\/2025-02-21_JHV-Mitgl.-F-Kraegel-768x533.jpg 768w\" sizes=\"auto, (max-width: 767px) 89vw, (max-width: 1000px) 54vw, (max-width: 1071px) 543px, 580px\" \/><\/figure>\n<\/div>\n<\/div>\n\n\n\n<p>Marlis Kr\u00e4gel, AG \u00d6A<\/p>\n\n\n\n<p><\/p>\n","protected":false},"excerpt":{"rendered":"<p>Wie in jedem Jahr hatte der Vorstand die Aufgabe, eine Jahreshauptversammlung f\u00fcr die z.Z. 134 Mitglieder einzuberufen und \u00fcber das vergangene Jahr ein Res\u00fcmee zu ziehen, von den Mitgliedern f\u00fcr seine Vorstandsarbeit entlastet zu werden und Beschl\u00fcsse herbeizuf\u00fchren. Und so nahmen (v. li.) die Schriftf\u00fchrerin Sabine Fritz, die stell. Vorsitzende Heike Schubert, der Vorsitzende Stephan &hellip; <\/p>\n<p class=\"link-more\"><a href=\"https:\/\/choreichwalde.de\/?p=2937\" class=\"more-link\"><span class=\"screen-reader-text\">\u201e21.02.2025 &#8211; Jahreshauptversammlung der Chorgemeinschaft Eichwalde e.V.\u201c<\/span> weiterlesen<\/a><\/p>\n","protected":false},"author":17,"featured_media":2931,"comment_status":"closed","ping_status":"closed","sticky":false,"template":"","format":"standard","meta":{"footnotes":""},"categories":[7,20,6,19],"tags":[],"class_list":["post-2937","post","type-post","status-publish","format-standard","has-post-thumbnail","hentry","category-gemischter-chor","category-gospop","category-instrumentalgruppe","category-verein"],"_links":{"self":[{"href":"https:\/\/choreichwalde.de\/index.php?rest_route=\/wp\/v2\/posts\/2937","targetHints":{"allow":["GET"]}}],"collection":[{"href":"https:\/\/choreichwalde.de\/index.php?rest_route=\/wp\/v2\/posts"}],"about":[{"href":"https:\/\/choreichwalde.de\/index.php?rest_route=\/wp\/v2\/types\/post"}],"author":[{"embeddable":true,"href":"https:\/\/choreichwalde.de\/index.php?rest_route=\/wp\/v2\/users\/17"}],"replies":[{"embeddable":true,"href":"https:\/\/choreichwalde.de\/index.php?rest_route=%2Fwp%2Fv2%2Fcomments&post=2937"}],"version-history":[{"count":8,"href":"https:\/\/choreichwalde.de\/index.php?rest_route=\/wp\/v2\/posts\/2937\/revisions"}],"predecessor-version":[{"id":2946,"href":"https:\/\/choreichwalde.de\/index.php?rest_route=\/wp\/v2\/posts\/2937\/revisions\/2946"}],"wp:featuredmedia":[{"embeddable":true,"href":"https:\/\/choreichwalde.de\/index.php?rest_route=\/wp\/v2\/media\/2931"}],"wp:attachment":[{"href":"https:\/\/choreichwalde.de\/index.php?rest_route=%2Fwp%2Fv2%2Fmedia&parent=2937"}],"wp:term":[{"taxonomy":"category","embeddable":true,"href":"https:\/\/choreichwalde.de\/index.php?rest_route=%2Fwp%2Fv2%2Fcategories&post=2937"},{"taxonomy":"post_tag","embeddable":true,"href":"https:\/\/choreichwalde.de\/index.php?rest_route=%2Fwp%2Fv2%2Ftags&post=2937"}],"curies":[{"name":"wp","href":"https:\/\/api.w.org\/{rel}","templated":true}]}}