{"id":293,"date":"2018-04-03T20:11:04","date_gmt":"2018-04-03T18:11:04","guid":{"rendered":"http:\/\/choreichwalde.de\/?p=293"},"modified":"2018-05-20T18:53:29","modified_gmt":"2018-05-20T16:53:29","slug":"gelungenes-fruehlingskonzert","status":"publish","type":"post","link":"https:\/\/choreichwalde.de\/?p=293","title":{"rendered":"Gelungenes Fr\u00fchlingskonzert"},"content":{"rendered":"<p>Als am 18.3 GosPop und der Kinder- und Jugendchor in Patronatskirche luden, war nicht allen klar ob es ein Winter- oder Fr\u00fchlingskonzert werden sollte &#8230;. es war kalt drau\u00dfen, aber drinnen kuschelig warm und gut gef\u00fcllt. Der Anfang lie\u00df erneut zweifeln&#8230; hatten doch die ersten Kl\u00e4nge am Klavier irgendwie \u00e4hnlichkeit mit einem bekannten Weihnachtslied- aber nein, der Gag war gelungen&#8230; es ging mit Gospel (GosPop und der Kinder- und Jugendchor) und Kla<img loading=\"lazy\" decoding=\"async\" class=\" wp-image-2530 alignleft\" src=\"https:\/\/choreichwalde.files.wordpress.com\/2018\/04\/dsc_7313.jpg\" alt=\"DSC_7313\" width=\"246\" height=\"164\" \/>usSedl am Klavier schwungvoll ins Programm. Aufgepeppt mit witzigen Einlagen (Becher-Rap) war immer etwas los auf der B\u00fchne. Der Block zur Filmmusik durfte nicht fehlen. Vom Dschungelbuch bis GREASE war sch\u00f6nes dabei. Bei <em>&#8222;Farbenspiel des Winds&#8220;<\/em> bekamen so mach Zuschaueraugen einen feuchten Glanz, der bei dem Klaviersolo von Klaus Sedl (<em>somewhere over the rainbow<\/em>) noch intensiver wurde. Dass in diesem Jahr GREASE Titel eine <img loading=\"lazy\" decoding=\"async\" class=\" wp-image-2529 alignright\" src=\"https:\/\/choreichwalde.files.wordpress.com\/2018\/04\/dsc_7287.jpg\" alt=\"DSC_7287\" width=\"274\" height=\"183\" \/>gro\u00dfe Rolle beim Kinder- und Jugendchor spielen wurde bei &#8222;we go together&#8220; klar (mehr davon kann man am 23.6 in der Radelandhalle beim Festkonzert zum 10 j\u00e4hrigen Bestehen h\u00f6ren und sehen). Zu Gast war in diesem Jahr die Musikklasse 7\/1 der Musikbetonten Paul-Dessau-Gesamtschule Zeuthen. Durch Krankheit vieler Sch\u00fcler und der beiden Klassenleiter war die Klasse angeschlagen aber gesanglich\u00a0 (Unterst\u00fctzt durch Fr. Maschke am Klavier) gut drauf.\u00a0 Gemeinsam mit dem Kinder- und Jugendchor erklangen zwei Filmtitel. Alleine sagen sie <em>&#8222;a la nanita&#8220;<\/em> und den\u00a0 Hit &#8222;<em> California dreamin&#8220;.<\/em> Die Instrumentalsolisten -Samina Hesse (Musikklasse ) am Klavier und Nick Sedlmaier (Kinder und Jugendchor) am Saxophon &#8211; bekamen kr\u00e4ftigen Applaus.\u00a0 <img loading=\"lazy\" decoding=\"async\" class=\" wp-image-2531 alignleft\" src=\"https:\/\/choreichwalde.files.wordpress.com\/2018\/04\/dsc_7334.jpg\" alt=\"DSC_7334\" width=\"362\" height=\"242\" \/>Ein interessantes, kurzweiliges\u00a0 Programm- aufgelockert durch die beiden Moderatoren Luise Riefling und Svenja B\u00fcttner- wurde pr\u00e4sentiert. GosPop trumpfte unter anderem mit dem alten Schlager <em>&#8222;Que sera&#8220;<\/em> auf und gemeinsam mit dem Kinder- und Jugendchor wurde allen bei dem &#8222;<em>Hallelujah&#8220;<\/em> von Cohen warm ums Herz .<em>&#8222;We are the word&#8220;<\/em> erklang dann am Ende von allen Teilnehmern und beschwingt konnten dann alle nach Hause gehen mit der Hoffnung- der Fr\u00fchling kommt jetzt bestimmt (irgendwann).<br \/>\nM.B.<\/p>\n<p><img loading=\"lazy\" decoding=\"async\" class=\"alignnone size-full wp-image-2528\" src=\"https:\/\/choreichwalde.files.wordpress.com\/2018\/04\/collage-5.jpg\" alt=\"collage 5\" width=\"1500\" height=\"1200\" \/><\/p>\n","protected":false},"excerpt":{"rendered":"<p>Als am 18.3 GosPop und der Kinder- und Jugendchor in Patronatskirche luden, war nicht allen klar ob es ein Winter- oder Fr\u00fchlingskonzert werden sollte &#8230;. es war kalt drau\u00dfen, aber drinnen kuschelig warm und gut gef\u00fcllt. Der Anfang lie\u00df erneut zweifeln&#8230; hatten doch die ersten Kl\u00e4nge am Klavier irgendwie \u00e4hnlichkeit mit einem bekannten Weihnachtslied- aber &hellip; <\/p>\n<p class=\"link-more\"><a href=\"https:\/\/choreichwalde.de\/?p=293\" class=\"more-link\"><span class=\"screen-reader-text\">\u201eGelungenes Fr\u00fchlingskonzert\u201c<\/span> weiterlesen<\/a><\/p>\n","protected":false},"author":8,"featured_media":301,"comment_status":"closed","ping_status":"closed","sticky":false,"template":"","format":"standard","meta":{"footnotes":""},"categories":[5],"tags":[],"class_list":["post-293","post","type-post","status-publish","format-standard","has-post-thumbnail","hentry","category-kinder-und-jugendchor"],"_links":{"self":[{"href":"https:\/\/choreichwalde.de\/index.php?rest_route=\/wp\/v2\/posts\/293","targetHints":{"allow":["GET"]}}],"collection":[{"href":"https:\/\/choreichwalde.de\/index.php?rest_route=\/wp\/v2\/posts"}],"about":[{"href":"https:\/\/choreichwalde.de\/index.php?rest_route=\/wp\/v2\/types\/post"}],"author":[{"embeddable":true,"href":"https:\/\/choreichwalde.de\/index.php?rest_route=\/wp\/v2\/users\/8"}],"replies":[{"embeddable":true,"href":"https:\/\/choreichwalde.de\/index.php?rest_route=%2Fwp%2Fv2%2Fcomments&post=293"}],"version-history":[{"count":1,"href":"https:\/\/choreichwalde.de\/index.php?rest_route=\/wp\/v2\/posts\/293\/revisions"}],"predecessor-version":[{"id":294,"href":"https:\/\/choreichwalde.de\/index.php?rest_route=\/wp\/v2\/posts\/293\/revisions\/294"}],"wp:featuredmedia":[{"embeddable":true,"href":"https:\/\/choreichwalde.de\/index.php?rest_route=\/wp\/v2\/media\/301"}],"wp:attachment":[{"href":"https:\/\/choreichwalde.de\/index.php?rest_route=%2Fwp%2Fv2%2Fmedia&parent=293"}],"wp:term":[{"taxonomy":"category","embeddable":true,"href":"https:\/\/choreichwalde.de\/index.php?rest_route=%2Fwp%2Fv2%2Fcategories&post=293"},{"taxonomy":"post_tag","embeddable":true,"href":"https:\/\/choreichwalde.de\/index.php?rest_route=%2Fwp%2Fv2%2Ftags&post=293"}],"curies":[{"name":"wp","href":"https:\/\/api.w.org\/{rel}","templated":true}]}}