{"id":2753,"date":"2024-10-10T17:24:37","date_gmt":"2024-10-10T15:24:37","guid":{"rendered":"https:\/\/choreichwalde.de\/?p=2753"},"modified":"2024-10-10T18:33:00","modified_gmt":"2024-10-10T16:33:00","slug":"probenwochenende-2-0-bei-gospop","status":"publish","type":"post","link":"https:\/\/choreichwalde.de\/?p=2753","title":{"rendered":"Probenwochenende 2.0 bei GosPop"},"content":{"rendered":"\n<p>Am 05.\/06.10.2024 war es endlich soweit: das Gesangs- \u201eboot-camp\u201c 2.0 des Frauenchores GosPop fand statt, diesmal in den \u201eheiligen Hallen\u201c der Freien Musikschule in Wildau.<\/p>\n\n\n\n<p>Bereits durch die wunderbaren R\u00e4umlichkeiten und die instrumentale Vollausstattung waren wir inspiriert, unsere Instrumente, sprich unsere Stimmen, einem Feintuning zu unterziehen.<\/p>\n\n\n\n<div class=\"wp-block-columns is-layout-flex wp-container-core-columns-is-layout-1 wp-block-columns-is-layout-flex\">\n<div class=\"wp-block-column is-layout-flow wp-block-column-is-layout-flow\">\n<figure class=\"wp-block-image size-full\"><img loading=\"lazy\" decoding=\"async\" width=\"750\" height=\"1000\" src=\"https:\/\/choreichwalde.de\/wp-content\/uploads\/2024\/10\/20241005_094204.jpg\" alt=\"\" class=\"wp-image-2748\" srcset=\"https:\/\/choreichwalde.de\/wp-content\/uploads\/2024\/10\/20241005_094204.jpg 750w, https:\/\/choreichwalde.de\/wp-content\/uploads\/2024\/10\/20241005_094204-225x300.jpg 225w\" sizes=\"auto, (max-width: 706px) 89vw, (max-width: 767px) 82vw, 740px\" \/><figcaption class=\"wp-element-caption\">Foto: Wedewardt<\/figcaption><\/figure>\n<\/div>\n\n\n\n<div class=\"wp-block-column is-layout-flow wp-block-column-is-layout-flow\">\n<p>Also begannen wir motiviert um 9.30 Uhr mit dem Einsingen unter fachkundiger Leitung von Stimmtrainerin Christina Seifert.<\/p>\n\n\n\n<p>Ihren geeichten Ohren entging dabei auch nichts:<\/p>\n\n\n\n<p>keine unsauberen T\u00f6ne, keine morgendliche M\u00fcdigkeit, keine Koffein- Unterversorgung.<\/p>\n\n\n\n<p>Und siehe da, nach 30 min Einsingen klangen wir bereits wie ein Chor und konnten uns dem Stimmgruppentraining und der Einzelstimmbildung widmen.<\/p>\n<\/div>\n<\/div>\n\n\n\n<figure class=\"wp-block-image size-full\"><img loading=\"lazy\" decoding=\"async\" width=\"996\" height=\"588\" src=\"https:\/\/choreichwalde.de\/wp-content\/uploads\/2024\/10\/20241005_094151-e1728572747980.jpg\" alt=\"\" class=\"wp-image-2749\" srcset=\"https:\/\/choreichwalde.de\/wp-content\/uploads\/2024\/10\/20241005_094151-e1728572747980.jpg 996w, https:\/\/choreichwalde.de\/wp-content\/uploads\/2024\/10\/20241005_094151-e1728572747980-300x177.jpg 300w, https:\/\/choreichwalde.de\/wp-content\/uploads\/2024\/10\/20241005_094151-e1728572747980-768x453.jpg 768w\" sizes=\"auto, (max-width: 767px) 89vw, (max-width: 1000px) 54vw, (max-width: 1071px) 543px, 580px\" \/><figcaption class=\"wp-element-caption\">Foto: Wedewardt<\/figcaption><\/figure>\n\n\n\n<p>Ein ganz besonderes Dankesch\u00f6n geht an unsere Chorleiterin Saskia Sellnau, die diese beiden Tage musikalisch f\u00fcr uns perfekt durchgeplant hat. Auch durch die Wechsel zwischen Einzelstimmbildung, Stimmgruppentraining und Arbeit mit dem gesamten Chor sowie auch dem damit verbundenen Wechsel der jeweiligen professionellen Anleiterin blieb es immer interessant.<\/p>\n\n\n\n<p>An dieser Stelle zolle ich daher auch unserer Nachwuchs- Chorleiterin Sandra List meinen Respekt, die uns erstmalig auch im Stimmgruppentraining mit scharfen Ohren durch die Klippen der einzelnen Titel f\u00fchrte \u2026 und uns so sicherer und besser gemacht hat.<\/p>\n\n\n\n<figure class=\"wp-block-image size-full\"><img loading=\"lazy\" decoding=\"async\" width=\"1000\" height=\"750\" src=\"https:\/\/choreichwalde.de\/wp-content\/uploads\/2024\/10\/20241006_095821.jpg\" alt=\"\" class=\"wp-image-2751\" srcset=\"https:\/\/choreichwalde.de\/wp-content\/uploads\/2024\/10\/20241006_095821.jpg 1000w, https:\/\/choreichwalde.de\/wp-content\/uploads\/2024\/10\/20241006_095821-300x225.jpg 300w, https:\/\/choreichwalde.de\/wp-content\/uploads\/2024\/10\/20241006_095821-768x576.jpg 768w\" sizes=\"auto, (max-width: 767px) 89vw, (max-width: 1000px) 54vw, (max-width: 1071px) 543px, 580px\" \/><figcaption class=\"wp-element-caption\">Foto: Wedewardt<\/figcaption><\/figure>\n\n\n\n<div class=\"wp-block-columns is-layout-flex wp-container-core-columns-is-layout-2 wp-block-columns-is-layout-flex\">\n<div class=\"wp-block-column is-layout-flow wp-block-column-is-layout-flow\">\n<p>Und nat\u00fcrlich: was w\u00e4ren unsere Pausen ohne die flei\u00dfigen Zuckerb\u00e4ckerinnen, Kaffee-K\u00f6chinnen, und Nervennahrungs- Sponsorinnen gewesen.<\/p>\n\n\n\n<p>So konnte jeder mit den notwenigen Substanzen das Konzentrationsniveau pushen.<\/p>\n\n\n\n<p>Das Ganze lief so hervorragend, dass wir zus\u00e4tzlich zur Verfeinerung unseres schon vorhandenen Repertoires gleich noch 2 neue Titel einstudieren konnten.&nbsp; Und ich bin mir sicher: die werden der Hit unserer Weihnachtskonzerte!<\/p>\n<\/div>\n\n\n\n<div class=\"wp-block-column is-layout-flow wp-block-column-is-layout-flow\">\n<figure class=\"wp-block-image size-full\"><img loading=\"lazy\" decoding=\"async\" width=\"750\" height=\"1000\" src=\"https:\/\/choreichwalde.de\/wp-content\/uploads\/2024\/10\/20241005_153202.jpg\" alt=\"\" class=\"wp-image-2750\" srcset=\"https:\/\/choreichwalde.de\/wp-content\/uploads\/2024\/10\/20241005_153202.jpg 750w, https:\/\/choreichwalde.de\/wp-content\/uploads\/2024\/10\/20241005_153202-225x300.jpg 225w\" sizes=\"auto, (max-width: 706px) 89vw, (max-width: 767px) 82vw, 740px\" \/><figcaption class=\"wp-element-caption\">Foto: Wedewardt<\/figcaption><\/figure>\n<\/div>\n<\/div>\n\n\n\n<p>Neben den musikalischen Tagesordnungspunkten waren es aber auch das entspannte Miteinander, die guten Gespr\u00e4che und f\u00fcr einige S\u00e4ngerinnen auch das \u201eApres Choiring\u201c, welche dieses Wochenende so sch\u00f6n und besonders gemacht haben. &nbsp;<\/p>\n\n\n\n<figure class=\"wp-block-image size-full\"><img loading=\"lazy\" decoding=\"async\" width=\"1000\" height=\"750\" src=\"https:\/\/choreichwalde.de\/wp-content\/uploads\/2024\/10\/20241005_153251.jpg\" alt=\"\" class=\"wp-image-2752\" srcset=\"https:\/\/choreichwalde.de\/wp-content\/uploads\/2024\/10\/20241005_153251.jpg 1000w, https:\/\/choreichwalde.de\/wp-content\/uploads\/2024\/10\/20241005_153251-300x225.jpg 300w, https:\/\/choreichwalde.de\/wp-content\/uploads\/2024\/10\/20241005_153251-768x576.jpg 768w\" sizes=\"auto, (max-width: 767px) 89vw, (max-width: 1000px) 54vw, (max-width: 1071px) 543px, 580px\" \/><figcaption class=\"wp-element-caption\">Foto: Wedewardt<\/figcaption><\/figure>\n\n\n\n<p>Wir freuen uns also jetzt schon auf das Chorwochenende 2025. Und vielleicht d\u00fcrfen wir ja dann auch wieder die tollen R\u00e4umlichkeiten der Freien Musikschule Wildau nutzen!<\/p>\n\n\n\n<p>Ist es zul\u00e4ssig, nun nach dem 2. Jahr Probenwochenende bereits von \u201eguter Tradition\u201c sprechen?<\/p>\n\n\n\n<p>K. Wedewardt<\/p>\n","protected":false},"excerpt":{"rendered":"<p>Am 05.\/06.10.2024 war es endlich soweit: das Gesangs- \u201eboot-camp\u201c 2.0 des Frauenchores GosPop fand statt, diesmal in den \u201eheiligen Hallen\u201c der Freien Musikschule in Wildau. Bereits durch die wunderbaren R\u00e4umlichkeiten und die instrumentale Vollausstattung waren wir inspiriert, unsere Instrumente, sprich unsere Stimmen, einem Feintuning zu unterziehen. Also begannen wir motiviert um 9.30 Uhr mit dem &hellip; <\/p>\n<p class=\"link-more\"><a href=\"https:\/\/choreichwalde.de\/?p=2753\" class=\"more-link\"><span class=\"screen-reader-text\">\u201eProbenwochenende 2.0 bei GosPop\u201c<\/span> weiterlesen<\/a><\/p>\n","protected":false},"author":17,"featured_media":0,"comment_status":"closed","ping_status":"closed","sticky":false,"template":"","format":"standard","meta":{"footnotes":""},"categories":[20],"tags":[],"class_list":["post-2753","post","type-post","status-publish","format-standard","hentry","category-gospop"],"_links":{"self":[{"href":"https:\/\/choreichwalde.de\/index.php?rest_route=\/wp\/v2\/posts\/2753","targetHints":{"allow":["GET"]}}],"collection":[{"href":"https:\/\/choreichwalde.de\/index.php?rest_route=\/wp\/v2\/posts"}],"about":[{"href":"https:\/\/choreichwalde.de\/index.php?rest_route=\/wp\/v2\/types\/post"}],"author":[{"embeddable":true,"href":"https:\/\/choreichwalde.de\/index.php?rest_route=\/wp\/v2\/users\/17"}],"replies":[{"embeddable":true,"href":"https:\/\/choreichwalde.de\/index.php?rest_route=%2Fwp%2Fv2%2Fcomments&post=2753"}],"version-history":[{"count":3,"href":"https:\/\/choreichwalde.de\/index.php?rest_route=\/wp\/v2\/posts\/2753\/revisions"}],"predecessor-version":[{"id":2756,"href":"https:\/\/choreichwalde.de\/index.php?rest_route=\/wp\/v2\/posts\/2753\/revisions\/2756"}],"wp:attachment":[{"href":"https:\/\/choreichwalde.de\/index.php?rest_route=%2Fwp%2Fv2%2Fmedia&parent=2753"}],"wp:term":[{"taxonomy":"category","embeddable":true,"href":"https:\/\/choreichwalde.de\/index.php?rest_route=%2Fwp%2Fv2%2Fcategories&post=2753"},{"taxonomy":"post_tag","embeddable":true,"href":"https:\/\/choreichwalde.de\/index.php?rest_route=%2Fwp%2Fv2%2Ftags&post=2753"}],"curies":[{"name":"wp","href":"https:\/\/api.w.org\/{rel}","templated":true}]}}