{"id":2659,"date":"2024-09-14T16:06:16","date_gmt":"2024-09-14T14:06:16","guid":{"rendered":"https:\/\/choreichwalde.de\/?p=2659"},"modified":"2024-09-22T16:10:35","modified_gmt":"2024-09-22T14:10:35","slug":"105-jahre-chorgemeinschaft-eichwalde","status":"publish","type":"post","link":"https:\/\/choreichwalde.de\/?p=2659","title":{"rendered":"105 Jahre Chorgemeinschaft Eichwalde"},"content":{"rendered":"\n<p>Am 14.09.2024 war die evangelische Kirche in Eichwalde trotz ihrer rund 400 Pl\u00e4tze viel zu klein, denn es gab ein gemeinsames Konzert unserer 4 Chorensembles (Gemischter Chor, Vocalinos, GosPop, Orchester Cantabile) und dem \u201eM\u00e4nnerchor C\u00e4cilia 1890\u201c aus Berlin.<\/p>\n\n\n\n<p>Mit dabei waren auch einige derjenigen, die uns immer wieder unterst\u00fctzend begleiten &#8211; wie der B\u00fcrgermeister J\u00f6rg Jenoch, die stellvertretende Landr\u00e4tin LDS Frau Zettwitz, Dr. Burmeister vom Patronatskirchenverein, Vertreter der evangelischen Kirchengemeinde und die BCV-Pr\u00e4sidentin Sabine Hellwig, die anerkennende Worte f\u00fcr die Entwicklung unserer Chorgemeinschaft fand.<\/p>\n\n\n\n<figure class=\"wp-block-image size-full\"><img loading=\"lazy\" decoding=\"async\" width=\"1000\" height=\"707\" src=\"https:\/\/choreichwalde.de\/wp-content\/uploads\/2024\/09\/2024-09-14_S.-Hellwig-F-Kraegel.jpg\" alt=\"\" class=\"wp-image-2667\" srcset=\"https:\/\/choreichwalde.de\/wp-content\/uploads\/2024\/09\/2024-09-14_S.-Hellwig-F-Kraegel.jpg 1000w, https:\/\/choreichwalde.de\/wp-content\/uploads\/2024\/09\/2024-09-14_S.-Hellwig-F-Kraegel-300x212.jpg 300w, https:\/\/choreichwalde.de\/wp-content\/uploads\/2024\/09\/2024-09-14_S.-Hellwig-F-Kraegel-768x543.jpg 768w\" sizes=\"auto, (max-width: 767px) 89vw, (max-width: 1000px) 54vw, (max-width: 1071px) 543px, 580px\" \/><figcaption class=\"wp-element-caption\">BCV-Pr\u00e4sidentin Sabine Hellwig (Foto: Kr\u00e4gel)<\/figcaption><\/figure>\n\n\n\n<p>Es sind nun 5 Jahre vergangen, nachdem wir 2019 die Zelter-Plakette zu unserem 100. Geburtstag bekamen und in dieser Kirche unserer Jubil\u00e4umskonzert gaben. Die Chorgemeinschaft ist auf ca. 125 S\u00e4ngerinnen, S\u00e4nger und Instrumentalisten in den 4 Ensembles angewachsen, die sie unter ihrem Dach vereint. Saskia Sellnau leitet seit 2009 die Instrumentalgruppe und \u00fcbernahm die musikalische Leitung 2020 f\u00fcr den Gemischten Chor und 2022 f\u00fcr den Frauenchor GosPop.<\/p>\n\n\n\n<div class=\"wp-block-columns is-layout-flex wp-container-core-columns-is-layout-1 wp-block-columns-is-layout-flex\">\n<div class=\"wp-block-column is-layout-flow wp-block-column-is-layout-flow\">\n<figure class=\"wp-block-image size-full is-resized\"><img loading=\"lazy\" decoding=\"async\" width=\"708\" height=\"448\" src=\"https:\/\/choreichwalde.de\/wp-content\/uploads\/2024\/09\/2024-09-14_GCH-F-Kraegel-e1727013035115.jpg\" alt=\"\" class=\"wp-image-2661\" style=\"aspect-ratio:1.5803571428571428;width:281px;height:auto\" srcset=\"https:\/\/choreichwalde.de\/wp-content\/uploads\/2024\/09\/2024-09-14_GCH-F-Kraegel-e1727013035115.jpg 708w, https:\/\/choreichwalde.de\/wp-content\/uploads\/2024\/09\/2024-09-14_GCH-F-Kraegel-e1727013035115-300x190.jpg 300w\" sizes=\"auto, (max-width: 708px) 100vw, 708px\" \/><figcaption class=\"wp-element-caption\">Gemischter Chor (Foto: Kr\u00e4gel)<\/figcaption><\/figure>\n<\/div>\n\n\n\n<div class=\"wp-block-column is-layout-flow wp-block-column-is-layout-flow\">\n<figure class=\"wp-block-image size-full\"><img loading=\"lazy\" decoding=\"async\" width=\"1000\" height=\"553\" src=\"https:\/\/choreichwalde.de\/wp-content\/uploads\/2024\/09\/2024-09-14_GosPop-F-Kraegel_2.jpg\" alt=\"\" class=\"wp-image-2685\" srcset=\"https:\/\/choreichwalde.de\/wp-content\/uploads\/2024\/09\/2024-09-14_GosPop-F-Kraegel_2.jpg 1000w, https:\/\/choreichwalde.de\/wp-content\/uploads\/2024\/09\/2024-09-14_GosPop-F-Kraegel_2-300x166.jpg 300w, https:\/\/choreichwalde.de\/wp-content\/uploads\/2024\/09\/2024-09-14_GosPop-F-Kraegel_2-768x425.jpg 768w\" sizes=\"auto, (max-width: 767px) 89vw, (max-width: 1000px) 54vw, (max-width: 1071px) 543px, 580px\" \/><figcaption class=\"wp-element-caption\">GosPop (Foto: Kr\u00e4gel)<\/figcaption><\/figure>\n<\/div>\n<\/div>\n\n\n\n<p>Martina B\u00fcttner leitet weiterhin den Kinder- und Jugendchor, der sich im Mai 2024 in der Patronatskirche Schulzendorf feierlich den Namen \u201eVocalinos\u201c gab.<\/p>\n\n\n\n<figure class=\"wp-block-image size-full\"><img loading=\"lazy\" decoding=\"async\" width=\"1000\" height=\"661\" src=\"https:\/\/choreichwalde.de\/wp-content\/uploads\/2024\/09\/2024-09-14_Vocalinos-F-Kraegel.jpg\" alt=\"\" class=\"wp-image-2680\" srcset=\"https:\/\/choreichwalde.de\/wp-content\/uploads\/2024\/09\/2024-09-14_Vocalinos-F-Kraegel.jpg 1000w, https:\/\/choreichwalde.de\/wp-content\/uploads\/2024\/09\/2024-09-14_Vocalinos-F-Kraegel-300x198.jpg 300w, https:\/\/choreichwalde.de\/wp-content\/uploads\/2024\/09\/2024-09-14_Vocalinos-F-Kraegel-768x508.jpg 768w\" sizes=\"auto, (max-width: 767px) 89vw, (max-width: 1000px) 54vw, (max-width: 1071px) 543px, 580px\" \/><figcaption class=\"wp-element-caption\">Vocalinos (Foto: Kr\u00e4gel)<\/figcaption><\/figure>\n\n\n\n<p>Besonders erfreulich ist es, dass in allen 4 Ensembles choreigener \u201eDirigenten-Nachwuchs\u201c herangebildet wird, der bereits schon in Konzerten zeigen konnte, wie gut er die Dirigentinnen vertreten kann.<\/p>\n\n\n\n<p>Da die Instrumentalgruppe zu einem Orchester herangewachsen ist, war es nun auch Zeit, der Gruppe einen neuen Namen zu geben. Die Abstimmung erfolgte nach wochenlanger Vorbereitung ganz demokratisch. In diesem Konzert war nun die offizielle Namensweihe f\u00fcr das Orchester, verk\u00fcndet durch unsere stellvertretende Vorsitzende Heike Schubert. Der Name \u201eOrchester Cantabile\u201c (singbar\/liedhaft) \u00fcberzeugte die meisten Mitglieder. Einmal entspricht der Name mit den vielen volksliedhaften und sangbaren Melodien dem Repertoire, er hat einen melodischen Klang und erinnert daran, dass 7 S\u00e4nger und S\u00e4ngerinnen des Gemischten Chores die Instrumentalgruppe zum 90. Geburtstag der Chorgemeinschaft gr\u00fcndeten.<\/p>\n\n\n\n<figure class=\"wp-block-image size-full\"><img loading=\"lazy\" decoding=\"async\" width=\"1000\" height=\"556\" src=\"https:\/\/choreichwalde.de\/wp-content\/uploads\/2024\/09\/2024-09-14_Orch.-Cantabile-F-Kraegel.jpg\" alt=\"\" class=\"wp-image-2665\" srcset=\"https:\/\/choreichwalde.de\/wp-content\/uploads\/2024\/09\/2024-09-14_Orch.-Cantabile-F-Kraegel.jpg 1000w, https:\/\/choreichwalde.de\/wp-content\/uploads\/2024\/09\/2024-09-14_Orch.-Cantabile-F-Kraegel-300x167.jpg 300w, https:\/\/choreichwalde.de\/wp-content\/uploads\/2024\/09\/2024-09-14_Orch.-Cantabile-F-Kraegel-768x427.jpg 768w\" sizes=\"auto, (max-width: 767px) 89vw, (max-width: 1000px) 54vw, (max-width: 1071px) 543px, 580px\" \/><figcaption class=\"wp-element-caption\">Orchester Cantabile (Logo: Simone Wellnitz) (Foto: Kr\u00e4gel)<\/figcaption><\/figure>\n\n\n\n<p>\u00dcberlegen sich die Mitglieder des Gemischten Chores jetzt auch einen Namen? Der Gemischte Chor entstand 1972, als sich die M\u00e4nner des \u201eM\u00e4nnerchores Eichwalde\u201c \u00fcberzeugen lie\u00dfen, mit dem \u201eFrauenchor Eichwalde\u201c die \u201eChorgemeinschaft Eichwalde\u201c zu gr\u00fcnden. Die Tradition des M\u00e4nnerchores geht auf das Jahr 1919 zur\u00fcck, als 16 sangesfreudige Herren beschlossen, einen M\u00e4nnerchor zu gr\u00fcnden und sogleich auch einen Dirigenten engagierten \u2013 Prof. Franz B\u00fcning. Ja, und dieser war seit 1893 der Dirigent des \u201eM\u00e4nnerchor C\u00e4cilia 1890 Berlin\u201c. Zum 130. Jubil\u00e4um ihres Dirigenten entdeckte der M\u00e4nnerchor, dass ihr Dirigent auch in Eichwalde aktiv war und so begann die gemeinsame Konzerttradition. 2023 waren die Eichwalder zum Konzert in Berlin, 2024 kamen die Berliner nach Eichwalde. Hoffen wir, dass diese Tradition weiter fortgef\u00fchrt wird.<\/p>\n\n\n\n<figure class=\"wp-block-image size-full\"><img loading=\"lazy\" decoding=\"async\" width=\"1000\" height=\"528\" src=\"https:\/\/choreichwalde.de\/wp-content\/uploads\/2024\/09\/2024-09-14_Caecilia-F-Kraegel-1.jpg\" alt=\"\" class=\"wp-image-2668\" srcset=\"https:\/\/choreichwalde.de\/wp-content\/uploads\/2024\/09\/2024-09-14_Caecilia-F-Kraegel-1.jpg 1000w, https:\/\/choreichwalde.de\/wp-content\/uploads\/2024\/09\/2024-09-14_Caecilia-F-Kraegel-1-300x158.jpg 300w, https:\/\/choreichwalde.de\/wp-content\/uploads\/2024\/09\/2024-09-14_Caecilia-F-Kraegel-1-768x406.jpg 768w\" sizes=\"auto, (max-width: 767px) 89vw, (max-width: 1000px) 54vw, (max-width: 1071px) 543px, 580px\" \/><figcaption class=\"wp-element-caption\">M\u00e4nnerchor C\u00e4cilia 1890 (Foto: Kr\u00e4gel)<\/figcaption><\/figure>\n\n\n\n<p>Nach dem Konzert gab es noch einen geselligen Nachklang, auf dem viel diskutiert und neue Absprachen getroffen wurden.<\/p>\n\n\n\n<p>Marlis Kr\u00e4gel AG-\u00d6A<\/p>\n","protected":false},"excerpt":{"rendered":"<p>Am 14.09.2024 war die evangelische Kirche in Eichwalde trotz ihrer rund 400 Pl\u00e4tze viel zu klein, denn es gab ein gemeinsames Konzert unserer 4 Chorensembles (Gemischter Chor, Vocalinos, GosPop, Orchester Cantabile) und dem \u201eM\u00e4nnerchor C\u00e4cilia 1890\u201c aus Berlin. Mit dabei waren auch einige derjenigen, die uns immer wieder unterst\u00fctzend begleiten &#8211; wie der B\u00fcrgermeister J\u00f6rg &hellip; <\/p>\n<p class=\"link-more\"><a href=\"https:\/\/choreichwalde.de\/?p=2659\" class=\"more-link\"><span class=\"screen-reader-text\">\u201e105 Jahre Chorgemeinschaft Eichwalde\u201c<\/span> weiterlesen<\/a><\/p>\n","protected":false},"author":17,"featured_media":2665,"comment_status":"closed","ping_status":"closed","sticky":false,"template":"","format":"standard","meta":{"footnotes":""},"categories":[7,20,6,19,5],"tags":[],"class_list":["post-2659","post","type-post","status-publish","format-standard","has-post-thumbnail","hentry","category-gemischter-chor","category-gospop","category-instrumentalgruppe","category-verein","category-kinder-und-jugendchor"],"_links":{"self":[{"href":"https:\/\/choreichwalde.de\/index.php?rest_route=\/wp\/v2\/posts\/2659","targetHints":{"allow":["GET"]}}],"collection":[{"href":"https:\/\/choreichwalde.de\/index.php?rest_route=\/wp\/v2\/posts"}],"about":[{"href":"https:\/\/choreichwalde.de\/index.php?rest_route=\/wp\/v2\/types\/post"}],"author":[{"embeddable":true,"href":"https:\/\/choreichwalde.de\/index.php?rest_route=\/wp\/v2\/users\/17"}],"replies":[{"embeddable":true,"href":"https:\/\/choreichwalde.de\/index.php?rest_route=%2Fwp%2Fv2%2Fcomments&post=2659"}],"version-history":[{"count":9,"href":"https:\/\/choreichwalde.de\/index.php?rest_route=\/wp\/v2\/posts\/2659\/revisions"}],"predecessor-version":[{"id":2686,"href":"https:\/\/choreichwalde.de\/index.php?rest_route=\/wp\/v2\/posts\/2659\/revisions\/2686"}],"wp:featuredmedia":[{"embeddable":true,"href":"https:\/\/choreichwalde.de\/index.php?rest_route=\/wp\/v2\/media\/2665"}],"wp:attachment":[{"href":"https:\/\/choreichwalde.de\/index.php?rest_route=%2Fwp%2Fv2%2Fmedia&parent=2659"}],"wp:term":[{"taxonomy":"category","embeddable":true,"href":"https:\/\/choreichwalde.de\/index.php?rest_route=%2Fwp%2Fv2%2Fcategories&post=2659"},{"taxonomy":"post_tag","embeddable":true,"href":"https:\/\/choreichwalde.de\/index.php?rest_route=%2Fwp%2Fv2%2Ftags&post=2659"}],"curies":[{"name":"wp","href":"https:\/\/api.w.org\/{rel}","templated":true}]}}