{"id":2629,"date":"2024-08-25T19:31:23","date_gmt":"2024-08-25T17:31:23","guid":{"rendered":"https:\/\/choreichwalde.de\/?p=2629"},"modified":"2024-08-28T19:38:12","modified_gmt":"2024-08-28T17:38:12","slug":"eine-musikalische-reise-um-die-welt","status":"publish","type":"post","link":"https:\/\/choreichwalde.de\/?p=2629","title":{"rendered":"Eine musikalische Reise um die Welt"},"content":{"rendered":"\n<p>Die Instrumentalgruppe der Chorgemeinschaft ist zum Orchester heran gewachsen. Im vorigen Jahr im August begann das Orchester mit dem 1. Kaffee- und Kuchenkonzert, nun, am 25.08.2024 gab es das 2. Konzert dieser Art. Flei\u00dfige H\u00e4nde hatten die Patronatskirche in ein Caf\u00e9 verwandelt, Mitglieder der Chorgemeinschaft hatten gebacken und der Patronatskirchenverein Kaffee gekocht.<\/p>\n\n\n\n<figure class=\"wp-block-image size-full\"><img loading=\"lazy\" decoding=\"async\" width=\"1000\" height=\"714\" src=\"https:\/\/choreichwalde.de\/wp-content\/uploads\/2024\/08\/2024-08-25-PK-F-Kozma-2.jpeg\" alt=\"\" class=\"wp-image-2642\" srcset=\"https:\/\/choreichwalde.de\/wp-content\/uploads\/2024\/08\/2024-08-25-PK-F-Kozma-2.jpeg 1000w, https:\/\/choreichwalde.de\/wp-content\/uploads\/2024\/08\/2024-08-25-PK-F-Kozma-2-300x214.jpeg 300w, https:\/\/choreichwalde.de\/wp-content\/uploads\/2024\/08\/2024-08-25-PK-F-Kozma-2-768x548.jpeg 768w\" sizes=\"auto, (max-width: 767px) 89vw, (max-width: 1000px) 54vw, (max-width: 1071px) 543px, 580px\" \/><figcaption class=\"wp-element-caption\">Foto: Kr\u00e4gel<\/figcaption><\/figure>\n\n\n\n<p>Somit war alles f\u00fcr die G\u00e4ste gerichtet, die sich nach dem Einlass mit Kaffee und Kuchen versorgten und dann startklar der Fantasiereise lauschen konnten, die sie zu den britischen Inseln, Irland, Neuseeland, Japan, Schweden, Polen, \u00d6sterreich und Frankreich f\u00fchrte, jeweils mit den entsprechenden Musikst\u00fccken im Gep\u00e4ck.<\/p>\n\n\n\n<figure class=\"wp-block-image size-full\"><img loading=\"lazy\" decoding=\"async\" width=\"1000\" height=\"658\" src=\"https:\/\/choreichwalde.de\/wp-content\/uploads\/2024\/08\/2024-08-25_Marlis-moderiert-F-Kraegel.jpg\" alt=\"\" class=\"wp-image-2632\" srcset=\"https:\/\/choreichwalde.de\/wp-content\/uploads\/2024\/08\/2024-08-25_Marlis-moderiert-F-Kraegel.jpg 1000w, https:\/\/choreichwalde.de\/wp-content\/uploads\/2024\/08\/2024-08-25_Marlis-moderiert-F-Kraegel-300x197.jpg 300w, https:\/\/choreichwalde.de\/wp-content\/uploads\/2024\/08\/2024-08-25_Marlis-moderiert-F-Kraegel-768x505.jpg 768w\" sizes=\"auto, (max-width: 767px) 89vw, (max-width: 1000px) 54vw, (max-width: 1071px) 543px, 580px\" \/><figcaption class=\"wp-element-caption\">Foto: Kr\u00e4gel<\/figcaption><\/figure>\n\n\n\n<p>Die Moderatorin streifte dabei auch einige f\u00fcr 2024 bedeutende Gedenktage, wie die Todestage von Marco Polo (700.), Vasco da Gama (500.), A. H. Hoffmann v. Fallersleben (150.) sowie die Geburtstage von Wilhelm M\u00fcller (230.), H. L. A. Hofmann, Edler v. Hofmannsthal (150.), Rosamunde Pilcher (100.), Armand Peugeot (175.) und Erich K\u00e4stner (125.), dessen Spr\u00fcche manch einen Gast schmunzeln lie\u00dfen.<\/p>\n\n\n\n<div class=\"wp-block-columns is-layout-flex wp-container-core-columns-is-layout-1 wp-block-columns-is-layout-flex\">\n<div class=\"wp-block-column is-layout-flow wp-block-column-is-layout-flow\">\n<figure class=\"wp-block-image size-full\"><img loading=\"lazy\" decoding=\"async\" width=\"1000\" height=\"748\" src=\"https:\/\/choreichwalde.de\/wp-content\/uploads\/2024\/08\/2024-08-25_Akkordeonduo-F-Kraegel-1.jpg\" alt=\"\" class=\"wp-image-2633\" srcset=\"https:\/\/choreichwalde.de\/wp-content\/uploads\/2024\/08\/2024-08-25_Akkordeonduo-F-Kraegel-1.jpg 1000w, https:\/\/choreichwalde.de\/wp-content\/uploads\/2024\/08\/2024-08-25_Akkordeonduo-F-Kraegel-1-300x224.jpg 300w, https:\/\/choreichwalde.de\/wp-content\/uploads\/2024\/08\/2024-08-25_Akkordeonduo-F-Kraegel-1-768x574.jpg 768w\" sizes=\"auto, (max-width: 767px) 89vw, (max-width: 1000px) 54vw, (max-width: 1071px) 543px, 580px\" \/><figcaption class=\"wp-element-caption\">Foto: Kr\u00e4gel<\/figcaption><\/figure>\n<\/div>\n\n\n\n<div class=\"wp-block-column is-layout-flow wp-block-column-is-layout-flow\">\n<p>Mit dabei war dieses Mal das Akkordeon-Duo K&amp;K mit Constanze Kozma &amp; Marlis Kr\u00e4gel und Sonja Hermenau hat zum 1. Mal einen Titel dirigiert.<\/p>\n<\/div>\n<\/div>\n\n\n\n<figure class=\"wp-block-image size-full\"><img loading=\"lazy\" decoding=\"async\" width=\"1000\" height=\"663\" src=\"https:\/\/choreichwalde.de\/wp-content\/uploads\/2024\/08\/2024-08-25_Sonja-F-Kraegel-1.jpg\" alt=\"\" class=\"wp-image-2640\" srcset=\"https:\/\/choreichwalde.de\/wp-content\/uploads\/2024\/08\/2024-08-25_Sonja-F-Kraegel-1.jpg 1000w, https:\/\/choreichwalde.de\/wp-content\/uploads\/2024\/08\/2024-08-25_Sonja-F-Kraegel-1-300x199.jpg 300w, https:\/\/choreichwalde.de\/wp-content\/uploads\/2024\/08\/2024-08-25_Sonja-F-Kraegel-1-768x509.jpg 768w\" sizes=\"auto, (max-width: 767px) 89vw, (max-width: 1000px) 54vw, (max-width: 1071px) 543px, 580px\" \/><figcaption class=\"wp-element-caption\">Foto: Kr\u00e4gel<\/figcaption><\/figure>\n\n\n\n<p>Die Instrumentalisten haben seit dem 1. Kaffee- und Kuchenkonzert hart gearbeitet und so konnten sie in dem 2. Konzert dieser Konzertreihe die begeisterten G\u00e4ste wiederum von ihrem K\u00f6nnen \u00fcberzeugen, das ihre Leiterin Saskia Sellnau auch in jeder Probe von ihnen abverlangt.<\/p>\n\n\n\n<p>Die Vizevorsitzende Heike Schubert bedankte sich bei den Akteuren und alle freuen sich schon auf das n\u00e4chste Konzert dieses Ensembles.<\/p>\n\n\n\n<p>Marlis Kr\u00e4gel (AG \u00d6A)<\/p>\n","protected":false},"excerpt":{"rendered":"<p>Die Instrumentalgruppe der Chorgemeinschaft ist zum Orchester heran gewachsen. Im vorigen Jahr im August begann das Orchester mit dem 1. Kaffee- und Kuchenkonzert, nun, am 25.08.2024 gab es das 2. Konzert dieser Art. Flei\u00dfige H\u00e4nde hatten die Patronatskirche in ein Caf\u00e9 verwandelt, Mitglieder der Chorgemeinschaft hatten gebacken und der Patronatskirchenverein Kaffee gekocht. Somit war alles &hellip; <\/p>\n<p class=\"link-more\"><a href=\"https:\/\/choreichwalde.de\/?p=2629\" class=\"more-link\"><span class=\"screen-reader-text\">\u201eEine musikalische Reise um die Welt\u201c<\/span> weiterlesen<\/a><\/p>\n","protected":false},"author":17,"featured_media":0,"comment_status":"closed","ping_status":"closed","sticky":false,"template":"","format":"standard","meta":{"footnotes":""},"categories":[6],"tags":[],"class_list":["post-2629","post","type-post","status-publish","format-standard","hentry","category-instrumentalgruppe"],"_links":{"self":[{"href":"https:\/\/choreichwalde.de\/index.php?rest_route=\/wp\/v2\/posts\/2629","targetHints":{"allow":["GET"]}}],"collection":[{"href":"https:\/\/choreichwalde.de\/index.php?rest_route=\/wp\/v2\/posts"}],"about":[{"href":"https:\/\/choreichwalde.de\/index.php?rest_route=\/wp\/v2\/types\/post"}],"author":[{"embeddable":true,"href":"https:\/\/choreichwalde.de\/index.php?rest_route=\/wp\/v2\/users\/17"}],"replies":[{"embeddable":true,"href":"https:\/\/choreichwalde.de\/index.php?rest_route=%2Fwp%2Fv2%2Fcomments&post=2629"}],"version-history":[{"count":5,"href":"https:\/\/choreichwalde.de\/index.php?rest_route=\/wp\/v2\/posts\/2629\/revisions"}],"predecessor-version":[{"id":2644,"href":"https:\/\/choreichwalde.de\/index.php?rest_route=\/wp\/v2\/posts\/2629\/revisions\/2644"}],"wp:attachment":[{"href":"https:\/\/choreichwalde.de\/index.php?rest_route=%2Fwp%2Fv2%2Fmedia&parent=2629"}],"wp:term":[{"taxonomy":"category","embeddable":true,"href":"https:\/\/choreichwalde.de\/index.php?rest_route=%2Fwp%2Fv2%2Fcategories&post=2629"},{"taxonomy":"post_tag","embeddable":true,"href":"https:\/\/choreichwalde.de\/index.php?rest_route=%2Fwp%2Fv2%2Ftags&post=2629"}],"curies":[{"name":"wp","href":"https:\/\/api.w.org\/{rel}","templated":true}]}}