{"id":2549,"date":"2024-05-04T18:49:47","date_gmt":"2024-05-04T16:49:47","guid":{"rendered":"https:\/\/choreichwalde.de\/?p=2549"},"modified":"2024-05-19T18:52:17","modified_gmt":"2024-05-19T16:52:17","slug":"so-sei-gegruesst-chorgemeinschaft-eichwalde","status":"publish","type":"post","link":"https:\/\/choreichwalde.de\/?p=2549","title":{"rendered":"So sei gegr\u00fc\u00dft \u2013 Chorgemeinschaft Eichwalde"},"content":{"rendered":"\n<figure class=\"wp-block-image size-full\"><img loading=\"lazy\" decoding=\"async\" width=\"1000\" height=\"667\" src=\"https:\/\/choreichwalde.de\/wp-content\/uploads\/2024\/05\/2024-05-04_PK-F-V.-Ott.jpg\" alt=\"\" class=\"wp-image-2550\" srcset=\"https:\/\/choreichwalde.de\/wp-content\/uploads\/2024\/05\/2024-05-04_PK-F-V.-Ott.jpg 1000w, https:\/\/choreichwalde.de\/wp-content\/uploads\/2024\/05\/2024-05-04_PK-F-V.-Ott-300x200.jpg 300w, https:\/\/choreichwalde.de\/wp-content\/uploads\/2024\/05\/2024-05-04_PK-F-V.-Ott-768x512.jpg 768w, https:\/\/choreichwalde.de\/wp-content\/uploads\/2024\/05\/2024-05-04_PK-F-V.-Ott-272x182.jpg 272w\" sizes=\"auto, (max-width: 767px) 89vw, (max-width: 1000px) 54vw, (max-width: 1071px) 543px, 580px\" \/><figcaption class=\"wp-element-caption\">Foto: V. Ott<\/figcaption><\/figure>\n\n\n\n<p>Der Gemischte Chor und das Orchester der Chorgemeinschaft Eichwalde, beide unter der Leitung von Saskia Sellnau, hatten zu einem Fr\u00fchlingskonzert am 04.05.2024 in die Patronatskirche eingeladen. Die Chorgemeinschaft hat ja 4 Ensembles, die seit 2023 auch eigenst\u00e4ndige Konzerte geben. Zu diesem Konzert war das Orchester nicht nur mehr Anh\u00e4ngsel des Gemischten Chores, sondern f\u00fcllte mit seinen Musikst\u00fccken die H\u00e4lfte der Konzertzeit.<\/p>\n\n\n\n<p>Viele Fr\u00fchlingslieder erklangen von beiden Ensembles im 1. Teil des Konzertes. Auch das Quartett steuerte zwei Lieder \u201eDie Nachtigall\u201c und \u201eUbi Caritas\u201c bei. Im 2. Teil ging das Orchester auf Reisen und spielte irisch-schottische Weisen und der Chor steuerte mit seinen Liebes- und Abendliedern (\u201eWas w\u00f6lln wir auf den Abend tun\u201c, \u201eDie Nacht\u201c) auf das Konzertende zu.<\/p>\n\n\n\n<figure class=\"wp-block-image size-full\"><img loading=\"lazy\" decoding=\"async\" width=\"1000\" height=\"763\" src=\"https:\/\/choreichwalde.de\/wp-content\/uploads\/2024\/05\/2024-05-04_Konz.-PK-F-M.-Kraegel.jpg\" alt=\"\" class=\"wp-image-2551\" srcset=\"https:\/\/choreichwalde.de\/wp-content\/uploads\/2024\/05\/2024-05-04_Konz.-PK-F-M.-Kraegel.jpg 1000w, https:\/\/choreichwalde.de\/wp-content\/uploads\/2024\/05\/2024-05-04_Konz.-PK-F-M.-Kraegel-300x229.jpg 300w, https:\/\/choreichwalde.de\/wp-content\/uploads\/2024\/05\/2024-05-04_Konz.-PK-F-M.-Kraegel-768x586.jpg 768w\" sizes=\"auto, (max-width: 767px) 89vw, (max-width: 1000px) 54vw, (max-width: 1071px) 543px, 580px\" \/><figcaption class=\"wp-element-caption\">Foto: M.Kr\u00e4gel<\/figcaption><\/figure>\n\n\n\n<p>Das Publikum durfte bei \u201eAm Brunnen vor dem Tore\u201c mit dem Orchester gemeinsam musizieren und erklatschte sich am Ende noch eine Zugabe; mit \u201eHab mein Wage vollgelade\u201c erf\u00fcllte der Chor gern diese Bitte.<\/p>\n\n\n\n<p>Marlis Kr\u00e4gel<\/p>\n","protected":false},"excerpt":{"rendered":"<p>Der Gemischte Chor und das Orchester der Chorgemeinschaft Eichwalde, beide unter der Leitung von Saskia Sellnau, hatten zu einem Fr\u00fchlingskonzert am 04.05.2024 in die Patronatskirche eingeladen. Die Chorgemeinschaft hat ja 4 Ensembles, die seit 2023 auch eigenst\u00e4ndige Konzerte geben. Zu diesem Konzert war das Orchester nicht nur mehr Anh\u00e4ngsel des Gemischten Chores, sondern f\u00fcllte mit &hellip; <\/p>\n<p class=\"link-more\"><a href=\"https:\/\/choreichwalde.de\/?p=2549\" class=\"more-link\"><span class=\"screen-reader-text\">\u201eSo sei gegr\u00fc\u00dft \u2013 Chorgemeinschaft Eichwalde\u201c<\/span> weiterlesen<\/a><\/p>\n","protected":false},"author":17,"featured_media":0,"comment_status":"closed","ping_status":"closed","sticky":false,"template":"","format":"standard","meta":{"footnotes":""},"categories":[7],"tags":[],"class_list":["post-2549","post","type-post","status-publish","format-standard","hentry","category-gemischter-chor"],"_links":{"self":[{"href":"https:\/\/choreichwalde.de\/index.php?rest_route=\/wp\/v2\/posts\/2549","targetHints":{"allow":["GET"]}}],"collection":[{"href":"https:\/\/choreichwalde.de\/index.php?rest_route=\/wp\/v2\/posts"}],"about":[{"href":"https:\/\/choreichwalde.de\/index.php?rest_route=\/wp\/v2\/types\/post"}],"author":[{"embeddable":true,"href":"https:\/\/choreichwalde.de\/index.php?rest_route=\/wp\/v2\/users\/17"}],"replies":[{"embeddable":true,"href":"https:\/\/choreichwalde.de\/index.php?rest_route=%2Fwp%2Fv2%2Fcomments&post=2549"}],"version-history":[{"count":2,"href":"https:\/\/choreichwalde.de\/index.php?rest_route=\/wp\/v2\/posts\/2549\/revisions"}],"predecessor-version":[{"id":2554,"href":"https:\/\/choreichwalde.de\/index.php?rest_route=\/wp\/v2\/posts\/2549\/revisions\/2554"}],"wp:attachment":[{"href":"https:\/\/choreichwalde.de\/index.php?rest_route=%2Fwp%2Fv2%2Fmedia&parent=2549"}],"wp:term":[{"taxonomy":"category","embeddable":true,"href":"https:\/\/choreichwalde.de\/index.php?rest_route=%2Fwp%2Fv2%2Fcategories&post=2549"},{"taxonomy":"post_tag","embeddable":true,"href":"https:\/\/choreichwalde.de\/index.php?rest_route=%2Fwp%2Fv2%2Ftags&post=2549"}],"curies":[{"name":"wp","href":"https:\/\/api.w.org\/{rel}","templated":true}]}}