{"id":1957,"date":"2021-11-02T20:10:31","date_gmt":"2021-11-02T19:10:31","guid":{"rendered":"https:\/\/choreichwalde.de\/?p=1957"},"modified":"2022-02-10T18:43:03","modified_gmt":"2022-02-10T17:43:03","slug":"wir-singen-gern","status":"publish","type":"post","link":"https:\/\/choreichwalde.de\/?p=1957","title":{"rendered":"WIR SINGEN GERN !"},"content":{"rendered":"\n<p>Ein R\u00fcckblick der Chorgemeinschaft Eichwalde in Zeiten der Corona-Krise<\/p>\n\n\n\n<p>&#8222;Wir singen gern&#8220; &#8211; das ist das Motto unserer Chorgemeinschaft, daran hat sich auch trotz der Mitte M\u00e4rz 2020 eingetretenen erschwerten Bedingungen nichts ge\u00e4ndert.<\/p>\n\n\n\n<p>Gern h\u00e4tten wir damals unsere w\u00f6chentlichen Proben in der Alten Feuerwache fortgef\u00fchrt, um f\u00fcr die geplanten Fr\u00fchlingskonzerte aller Chorgruppen und der Instrumentalgruppe gut vorbereitet und fit zu sein.<\/p>\n\n\n\n<p>Gern h\u00e4tten wir damals mit Ihnen gemeinsam den Fr\u00fchling bei guter Laune und positiver Stimmung musikalisch begr\u00fc\u00dft.<\/p>\n\n\n\n<p>Doch 2020 war alles anders, f\u00fcr Sie und auch f\u00fcr uns.<\/p>\n\n\n\n<p>Die gemeinsamen Proben wurden ausgesetzt. Alle Konzerte, Veranstaltungen und Chorfeste wurden abgesagt. Auch die geplanten Reisen einzelner Chorgruppen nach Stockholm, in den Elsass oder in das Riesengebirge konnten ebenfalls nicht stattfinden. Vielen unserer Mitglieder fehlte der gemeinsame Gesang und der soziale pers\u00f6nliche Kontakt untereinander.<br>Doch alles Jammern n\u00fctzte nichts, wir mussten uns diesen Herausforderungen stellen.<br>Unsere Chorleiterinnen Saskia Sellnau und Martina B\u00fcttner arbeiteten jeweils zu Hause an neuen Ideen und stellten uns nun w\u00f6chentliche Hausaufgaben.<br>So bereiteten sich z.B. der Gemischte Chor und die Instrumentalgruppe mit ihrem Repertoire jeder individuell auf ein geplantes Herbstkonzert vor in der Hoffnung, dass es zu diesem Zeitpunkt ohne Einschr\u00e4nkungen stattfinden k\u00f6nnte.<\/p>\n\n\n\n<p>Der Kinder und Jugendchor bekam ebenfalls Hausaufgaben und das geplante Beethovenprojekt in Zusammenarbeit mit Kind &amp; Kegel lief im Hintergrund weiter.<br>Auch der GosPop Chor bereitete sich auf neue spannende Projekte durch h\u00e4usliches \u00dcben vor.<\/p>\n\n\n\n<p>Unser Chorgesang war zeitweise verstummt, aber bereits im Mai 2020 probten wir wieder- online per ZOOM!<\/p>\n\n\n\n<p>So konnten wir die Zeit bis zu den ersehnten Pr\u00e4senzproben \u00fcberbr\u00fccken ohne viel an Qualit\u00e4t aufzugeben.  <br>Wir freuen uns sehr, nun  wieder f\u00fcr unser Publikum in Konzerten und Veranstaltungen singen und musizieren zu k\u00f6nnen.<\/p>\n\n\n\n<p><br>Bleiben Sie alle gesund<br>Ihre Chorgemeinschaft Eichwalde e.V.<br><\/p>\n","protected":false},"excerpt":{"rendered":"<p>Ein R\u00fcckblick der Chorgemeinschaft Eichwalde in Zeiten der Corona-Krise &#8222;Wir singen gern&#8220; &#8211; das ist das Motto unserer Chorgemeinschaft, daran hat sich auch trotz der Mitte M\u00e4rz 2020 eingetretenen erschwerten Bedingungen nichts ge\u00e4ndert. Gern h\u00e4tten wir damals unsere w\u00f6chentlichen Proben in der Alten Feuerwache fortgef\u00fchrt, um f\u00fcr die geplanten Fr\u00fchlingskonzerte aller Chorgruppen und der Instrumentalgruppe &hellip; <\/p>\n<p class=\"link-more\"><a href=\"https:\/\/choreichwalde.de\/?p=1957\" class=\"more-link\"><span class=\"screen-reader-text\">\u201eWIR SINGEN GERN !\u201c<\/span> weiterlesen<\/a><\/p>\n","protected":false},"author":12,"featured_media":1396,"comment_status":"closed","ping_status":"closed","sticky":false,"template":"","format":"standard","meta":{"footnotes":""},"categories":[7,20,6,5],"tags":[],"class_list":["post-1957","post","type-post","status-publish","format-standard","has-post-thumbnail","hentry","category-gemischter-chor","category-gospop","category-instrumentalgruppe","category-kinder-und-jugendchor"],"_links":{"self":[{"href":"https:\/\/choreichwalde.de\/index.php?rest_route=\/wp\/v2\/posts\/1957","targetHints":{"allow":["GET"]}}],"collection":[{"href":"https:\/\/choreichwalde.de\/index.php?rest_route=\/wp\/v2\/posts"}],"about":[{"href":"https:\/\/choreichwalde.de\/index.php?rest_route=\/wp\/v2\/types\/post"}],"author":[{"embeddable":true,"href":"https:\/\/choreichwalde.de\/index.php?rest_route=\/wp\/v2\/users\/12"}],"replies":[{"embeddable":true,"href":"https:\/\/choreichwalde.de\/index.php?rest_route=%2Fwp%2Fv2%2Fcomments&post=1957"}],"version-history":[{"count":2,"href":"https:\/\/choreichwalde.de\/index.php?rest_route=\/wp\/v2\/posts\/1957\/revisions"}],"predecessor-version":[{"id":1960,"href":"https:\/\/choreichwalde.de\/index.php?rest_route=\/wp\/v2\/posts\/1957\/revisions\/1960"}],"wp:featuredmedia":[{"embeddable":true,"href":"https:\/\/choreichwalde.de\/index.php?rest_route=\/wp\/v2\/media\/1396"}],"wp:attachment":[{"href":"https:\/\/choreichwalde.de\/index.php?rest_route=%2Fwp%2Fv2%2Fmedia&parent=1957"}],"wp:term":[{"taxonomy":"category","embeddable":true,"href":"https:\/\/choreichwalde.de\/index.php?rest_route=%2Fwp%2Fv2%2Fcategories&post=1957"},{"taxonomy":"post_tag","embeddable":true,"href":"https:\/\/choreichwalde.de\/index.php?rest_route=%2Fwp%2Fv2%2Ftags&post=1957"}],"curies":[{"name":"wp","href":"https:\/\/api.w.org\/{rel}","templated":true}]}}