{"id":1580,"date":"2019-09-27T08:51:30","date_gmt":"2019-09-27T06:51:30","guid":{"rendered":"http:\/\/choreichwalde.de\/?p=1580"},"modified":"2019-12-24T12:50:53","modified_gmt":"2019-12-24T11:50:53","slug":"verleihung-der-zelter-plakette-an-die-chorgemeinschaft-eichwalde","status":"publish","type":"post","link":"https:\/\/choreichwalde.de\/?p=1580","title":{"rendered":"Verleihung der Zelter Plakette an die Chorgemeinschaft Eichwalde"},"content":{"rendered":"\n<p>Die <a href=\"https:\/\/choreichwalde.de\/frage-des-tages\/\">Zelter-Plakette<\/a> ist die h\u00f6chste deutsche Auszeichnung f\u00fcr  Amateurch\u00f6re. Zum 100 Bestehen wurde die Chorgemeinschaft Eichwalde  feierlich geehrt.<\/p>\n\n\n\n<p>Kulturministerin Frau Dr. Martina M\u00fcnch (SPD) \u00fcberreichte im Beisein  der stellvert. B\u00fcrgermeisterin Frau Karolin Langner am 25.09.2019 im  Ratssaal der Gemeinde Eichwalde die Plakette. Bereits am Wochenende  zuvor erfolgte die Ehrung des Chors in F\u00fcrstenwalde im feierlichen  Rahmen.<\/p>\n\n\n\n<figure class=\"wp-block-gallery columns-1 is-cropped wp-block-gallery-1 is-layout-flex wp-block-gallery-is-layout-flex\"><ul class=\"blocks-gallery-grid\"><li class=\"blocks-gallery-item\"><figure><img loading=\"lazy\" decoding=\"async\" width=\"798\" height=\"766\" src=\"http:\/\/choreichwalde.de\/wp-content\/uploads\/2019\/09\/20190926_144804.jpg\" alt=\"\" data-id=\"1582\" data-link=\"http:\/\/choreichwalde.de\/verleihung-der-zelter-plakette-an-die-chorgemeinschaft-eichwalde\/20190926_144804\/\" class=\"wp-image-1582\" srcset=\"https:\/\/choreichwalde.de\/wp-content\/uploads\/2019\/09\/20190926_144804.jpg 798w, https:\/\/choreichwalde.de\/wp-content\/uploads\/2019\/09\/20190926_144804-300x288.jpg 300w, https:\/\/choreichwalde.de\/wp-content\/uploads\/2019\/09\/20190926_144804-768x737.jpg 768w\" sizes=\"auto, (max-width: 767px) 89vw, (max-width: 1000px) 54vw, (max-width: 1071px) 543px, 580px\" \/><\/figure><\/li><li class=\"blocks-gallery-item\"><figure><img loading=\"lazy\" decoding=\"async\" width=\"768\" height=\"576\" src=\"http:\/\/choreichwalde.de\/wp-content\/uploads\/2019\/09\/Zelter3-1.jpg\" alt=\"\" data-id=\"1589\" data-link=\"http:\/\/choreichwalde.de\/verleihung-der-zelter-plakette-an-die-chorgemeinschaft-eichwalde\/zelter3-1\/\" class=\"wp-image-1589\" srcset=\"https:\/\/choreichwalde.de\/wp-content\/uploads\/2019\/09\/Zelter3-1.jpg 768w, https:\/\/choreichwalde.de\/wp-content\/uploads\/2019\/09\/Zelter3-1-300x225.jpg 300w\" sizes=\"auto, (max-width: 767px) 89vw, (max-width: 1000px) 54vw, (max-width: 1071px) 543px, 580px\" \/><\/figure><\/li><li class=\"blocks-gallery-item\"><figure><img loading=\"lazy\" decoding=\"async\" width=\"1000\" height=\"581\" src=\"http:\/\/choreichwalde.de\/wp-content\/uploads\/2019\/09\/IMG_4647.jpg\" alt=\"\" data-id=\"1590\" data-link=\"http:\/\/choreichwalde.de\/verleihung-der-zelter-plakette-an-die-chorgemeinschaft-eichwalde\/img_4647\/\" class=\"wp-image-1590\" srcset=\"https:\/\/choreichwalde.de\/wp-content\/uploads\/2019\/09\/IMG_4647.jpg 1000w, https:\/\/choreichwalde.de\/wp-content\/uploads\/2019\/09\/IMG_4647-300x174.jpg 300w, https:\/\/choreichwalde.de\/wp-content\/uploads\/2019\/09\/IMG_4647-768x446.jpg 768w\" sizes=\"auto, (max-width: 767px) 89vw, (max-width: 1000px) 54vw, (max-width: 1071px) 543px, 580px\" \/><\/figure><\/li><li class=\"blocks-gallery-item\"><figure><img loading=\"lazy\" decoding=\"async\" width=\"632\" height=\"1024\" src=\"http:\/\/choreichwalde.de\/wp-content\/uploads\/2019\/09\/WhatsApp-Image-2019-09-25-at-18.32.391-1-632x1024.jpeg\" alt=\"\" data-id=\"1583\" data-link=\"http:\/\/choreichwalde.de\/verleihung-der-zelter-plakette-an-die-chorgemeinschaft-eichwalde\/whatsapp-image-2019-09-25-at-18-32-391-1\/\" class=\"wp-image-1583\" srcset=\"https:\/\/choreichwalde.de\/wp-content\/uploads\/2019\/09\/WhatsApp-Image-2019-09-25-at-18.32.391-1-632x1024.jpeg 632w, https:\/\/choreichwalde.de\/wp-content\/uploads\/2019\/09\/WhatsApp-Image-2019-09-25-at-18.32.391-1-185x300.jpeg 185w, https:\/\/choreichwalde.de\/wp-content\/uploads\/2019\/09\/WhatsApp-Image-2019-09-25-at-18.32.391-1-768x1244.jpeg 768w, https:\/\/choreichwalde.de\/wp-content\/uploads\/2019\/09\/WhatsApp-Image-2019-09-25-at-18.32.391-1.jpeg 988w\" sizes=\"auto, (max-width: 632px) 100vw, 632px\" \/><\/figure><\/li><li class=\"blocks-gallery-item\"><figure><img loading=\"lazy\" decoding=\"async\" width=\"1024\" height=\"595\" src=\"http:\/\/choreichwalde.de\/wp-content\/uploads\/2019\/09\/WhatsApp-Image-2019-09-25-at-18.32.402-1-1024x595.jpeg\" alt=\"\" data-id=\"1585\" data-link=\"http:\/\/choreichwalde.de\/verleihung-der-zelter-plakette-an-die-chorgemeinschaft-eichwalde\/whatsapp-image-2019-09-25-at-18-32-402-1\/\" class=\"wp-image-1585\" srcset=\"https:\/\/choreichwalde.de\/wp-content\/uploads\/2019\/09\/WhatsApp-Image-2019-09-25-at-18.32.402-1-1024x595.jpeg 1024w, https:\/\/choreichwalde.de\/wp-content\/uploads\/2019\/09\/WhatsApp-Image-2019-09-25-at-18.32.402-1-300x174.jpeg 300w, https:\/\/choreichwalde.de\/wp-content\/uploads\/2019\/09\/WhatsApp-Image-2019-09-25-at-18.32.402-1-768x446.jpeg 768w, https:\/\/choreichwalde.de\/wp-content\/uploads\/2019\/09\/WhatsApp-Image-2019-09-25-at-18.32.402-1.jpeg 1600w\" sizes=\"auto, (max-width: 767px) 89vw, (max-width: 1000px) 54vw, (max-width: 1071px) 543px, 580px\" \/><\/figure><\/li><li class=\"blocks-gallery-item\"><figure><img loading=\"lazy\" decoding=\"async\" width=\"768\" height=\"576\" src=\"http:\/\/choreichwalde.de\/wp-content\/uploads\/2019\/09\/zelter1-1.jpg\" alt=\"\" data-id=\"1587\" data-link=\"http:\/\/choreichwalde.de\/verleihung-der-zelter-plakette-an-die-chorgemeinschaft-eichwalde\/zelter1-1\/\" class=\"wp-image-1587\" srcset=\"https:\/\/choreichwalde.de\/wp-content\/uploads\/2019\/09\/zelter1-1.jpg 768w, https:\/\/choreichwalde.de\/wp-content\/uploads\/2019\/09\/zelter1-1-300x225.jpg 300w\" sizes=\"auto, (max-width: 767px) 89vw, (max-width: 1000px) 54vw, (max-width: 1071px) 543px, 580px\" \/><\/figure><\/li><li class=\"blocks-gallery-item\"><figure><img loading=\"lazy\" decoding=\"async\" width=\"768\" height=\"576\" src=\"http:\/\/choreichwalde.de\/wp-content\/uploads\/2019\/09\/zelter2-1.jpg\" alt=\"\" data-id=\"1588\" data-link=\"http:\/\/choreichwalde.de\/verleihung-der-zelter-plakette-an-die-chorgemeinschaft-eichwalde\/zelter2-1\/\" class=\"wp-image-1588\" srcset=\"https:\/\/choreichwalde.de\/wp-content\/uploads\/2019\/09\/zelter2-1.jpg 768w, https:\/\/choreichwalde.de\/wp-content\/uploads\/2019\/09\/zelter2-1-300x225.jpg 300w\" sizes=\"auto, (max-width: 767px) 89vw, (max-width: 1000px) 54vw, (max-width: 1071px) 543px, 580px\" \/><\/figure><\/li><li class=\"blocks-gallery-item\"><figure><img loading=\"lazy\" decoding=\"async\" width=\"1024\" height=\"690\" src=\"http:\/\/choreichwalde.de\/wp-content\/uploads\/2019\/09\/20190926_144718-1024x690.jpg\" alt=\"\" data-id=\"1581\" data-link=\"http:\/\/choreichwalde.de\/verleihung-der-zelter-plakette-an-die-chorgemeinschaft-eichwalde\/20190926_144718\/\" class=\"wp-image-1581\" srcset=\"https:\/\/choreichwalde.de\/wp-content\/uploads\/2019\/09\/20190926_144718-1024x690.jpg 1024w, https:\/\/choreichwalde.de\/wp-content\/uploads\/2019\/09\/20190926_144718-300x202.jpg 300w, https:\/\/choreichwalde.de\/wp-content\/uploads\/2019\/09\/20190926_144718-768x517.jpg 768w, https:\/\/choreichwalde.de\/wp-content\/uploads\/2019\/09\/20190926_144718-272x182.jpg 272w, https:\/\/choreichwalde.de\/wp-content\/uploads\/2019\/09\/20190926_144718.jpg 1036w\" sizes=\"auto, (max-width: 767px) 89vw, (max-width: 1000px) 54vw, (max-width: 1071px) 543px, 580px\" \/><\/figure><\/li><li class=\"blocks-gallery-item\"><figure><img loading=\"lazy\" decoding=\"async\" width=\"1024\" height=\"556\" src=\"http:\/\/choreichwalde.de\/wp-content\/uploads\/2019\/09\/WhatsApp-Image-2019-09-25-at-18.32.401-1024x556.jpeg\" alt=\"\" data-id=\"1584\" data-link=\"http:\/\/choreichwalde.de\/verleihung-der-zelter-plakette-an-die-chorgemeinschaft-eichwalde\/whatsapp-image-2019-09-25-at-18-32-401\/\" class=\"wp-image-1584\" srcset=\"https:\/\/choreichwalde.de\/wp-content\/uploads\/2019\/09\/WhatsApp-Image-2019-09-25-at-18.32.401-1024x556.jpeg 1024w, https:\/\/choreichwalde.de\/wp-content\/uploads\/2019\/09\/WhatsApp-Image-2019-09-25-at-18.32.401-300x163.jpeg 300w, https:\/\/choreichwalde.de\/wp-content\/uploads\/2019\/09\/WhatsApp-Image-2019-09-25-at-18.32.401-768x417.jpeg 768w, https:\/\/choreichwalde.de\/wp-content\/uploads\/2019\/09\/WhatsApp-Image-2019-09-25-at-18.32.401.jpeg 1600w\" sizes=\"auto, (max-width: 767px) 89vw, (max-width: 1000px) 54vw, (max-width: 1071px) 543px, 580px\" \/><\/figure><\/li><li class=\"blocks-gallery-item\"><figure><img loading=\"lazy\" decoding=\"async\" width=\"842\" height=\"1024\" src=\"http:\/\/choreichwalde.de\/wp-content\/uploads\/2019\/09\/WhatsApp-Image-2019-09-25-at-18.32.40-842x1024.jpeg\" alt=\"\" data-id=\"1586\" data-link=\"http:\/\/choreichwalde.de\/verleihung-der-zelter-plakette-an-die-chorgemeinschaft-eichwalde\/whatsapp-image-2019-09-25-at-18-32-40\/\" class=\"wp-image-1586\" srcset=\"https:\/\/choreichwalde.de\/wp-content\/uploads\/2019\/09\/WhatsApp-Image-2019-09-25-at-18.32.40-842x1024.jpeg 842w, https:\/\/choreichwalde.de\/wp-content\/uploads\/2019\/09\/WhatsApp-Image-2019-09-25-at-18.32.40-247x300.jpeg 247w, https:\/\/choreichwalde.de\/wp-content\/uploads\/2019\/09\/WhatsApp-Image-2019-09-25-at-18.32.40-768x934.jpeg 768w, https:\/\/choreichwalde.de\/wp-content\/uploads\/2019\/09\/WhatsApp-Image-2019-09-25-at-18.32.40.jpeg 1316w\" sizes=\"auto, (max-width: 767px) 89vw, (max-width: 1000px) 54vw, (max-width: 1071px) 543px, 580px\" \/><\/figure><\/li><\/ul><\/figure>\n","protected":false},"excerpt":{"rendered":"<p>Die Zelter-Plakette ist die h\u00f6chste deutsche Auszeichnung f\u00fcr Amateurch\u00f6re. Zum 100 Bestehen wurde die Chorgemeinschaft Eichwalde feierlich geehrt. Kulturministerin Frau Dr. Martina M\u00fcnch (SPD) \u00fcberreichte im Beisein der stellvert. B\u00fcrgermeisterin Frau Karolin Langner am 25.09.2019 im Ratssaal der Gemeinde Eichwalde die Plakette. Bereits am Wochenende zuvor erfolgte die Ehrung des Chors in F\u00fcrstenwalde im feierlichen &hellip; <\/p>\n<p class=\"link-more\"><a href=\"https:\/\/choreichwalde.de\/?p=1580\" class=\"more-link\"><span class=\"screen-reader-text\">\u201eVerleihung der Zelter Plakette an die Chorgemeinschaft Eichwalde\u201c<\/span> weiterlesen<\/a><\/p>\n","protected":false},"author":1,"featured_media":1582,"comment_status":"closed","ping_status":"closed","sticky":false,"template":"","format":"standard","meta":{"footnotes":""},"categories":[7,20,6,19,5],"tags":[],"class_list":["post-1580","post","type-post","status-publish","format-standard","has-post-thumbnail","hentry","category-gemischter-chor","category-gospop","category-instrumentalgruppe","category-verein","category-kinder-und-jugendchor"],"_links":{"self":[{"href":"https:\/\/choreichwalde.de\/index.php?rest_route=\/wp\/v2\/posts\/1580","targetHints":{"allow":["GET"]}}],"collection":[{"href":"https:\/\/choreichwalde.de\/index.php?rest_route=\/wp\/v2\/posts"}],"about":[{"href":"https:\/\/choreichwalde.de\/index.php?rest_route=\/wp\/v2\/types\/post"}],"author":[{"embeddable":true,"href":"https:\/\/choreichwalde.de\/index.php?rest_route=\/wp\/v2\/users\/1"}],"replies":[{"embeddable":true,"href":"https:\/\/choreichwalde.de\/index.php?rest_route=%2Fwp%2Fv2%2Fcomments&post=1580"}],"version-history":[{"count":4,"href":"https:\/\/choreichwalde.de\/index.php?rest_route=\/wp\/v2\/posts\/1580\/revisions"}],"predecessor-version":[{"id":1711,"href":"https:\/\/choreichwalde.de\/index.php?rest_route=\/wp\/v2\/posts\/1580\/revisions\/1711"}],"wp:featuredmedia":[{"embeddable":true,"href":"https:\/\/choreichwalde.de\/index.php?rest_route=\/wp\/v2\/media\/1582"}],"wp:attachment":[{"href":"https:\/\/choreichwalde.de\/index.php?rest_route=%2Fwp%2Fv2%2Fmedia&parent=1580"}],"wp:term":[{"taxonomy":"category","embeddable":true,"href":"https:\/\/choreichwalde.de\/index.php?rest_route=%2Fwp%2Fv2%2Fcategories&post=1580"},{"taxonomy":"post_tag","embeddable":true,"href":"https:\/\/choreichwalde.de\/index.php?rest_route=%2Fwp%2Fv2%2Ftags&post=1580"}],"curies":[{"name":"wp","href":"https:\/\/api.w.org\/{rel}","templated":true}]}}