{"id":1434,"date":"2018-12-11T18:37:19","date_gmt":"2018-12-11T17:37:19","guid":{"rendered":"http:\/\/choreichwalde.de\/?p=1434"},"modified":"2018-12-22T17:07:32","modified_gmt":"2018-12-22T16:07:32","slug":"weihnacht-kann-kommen","status":"publish","type":"post","link":"https:\/\/choreichwalde.de\/?p=1434","title":{"rendered":"Weihnacht kann kommen"},"content":{"rendered":"<p>Am 09.12.2018 sangen die Rasselbande, der Kinder- und Jugendchor sowie das j\u00fcngste Ensemble der Chorgemeinschaft Eichwalde e.V. \u201eGosPop\u201c die Weihnachtszeit ein. Alte und neue Weihnachtslieder sowie und Gospels begeisterten die bis zum letzten Platz besetzte Patronatskirche, so dass nicht alle Kartenw\u00fcnsche erf\u00fcllt werden konnten. Erstmals wurde ein Weihnachtsmusical \u201eDer kleine Stern von Bethlehem\u201c von Gina und Uli Ziche aufgef\u00fchrt, bei dem die Kinder nicht nur gut sangen, sondern auch ihr schauspielerisches K\u00f6nnen unter Beweis stellten.<\/p>\n<p>Am 02.06.2007 warb Martina B\u00fcttner in einem MAZ-Artikel f\u00fcr den 1. Jugendchor, der nicht organisatorisch zu einer Schule geh\u00f6rt. Offiziell nahm die Chorgemeinschaft Eichwalde e.V. die neuen kleinen S\u00e4ngerinnen und S\u00e4nger in der Jahreshauptversammlung 2008 als Chormitglieder auf, gemeinsame Konzerte folgen.<\/p>\n<p>2010 muss dieser Chor bereits in 2 Gruppen proben. Im Dezember 2010 kam der Komponist und Pianist Klaus Sedl zu den Kindern und bereits 2011 k\u00f6nnen sie zum 1. Mal ein v\u00f6llig selbst\u00e4ndiges Fr\u00fchjahrskonzert geben. Seit 2014 gibt es auch eigenst\u00e4ndige Weihnachtskonzerte.<\/p>\n<p>Die interessierten Kinder wurden immer j\u00fcnger und es wurde die \u201eRasselbande\u201c gegr\u00fcndet, die mit ihren 4-7 Jahren anders proben m\u00fcssen als die Gro\u00dfen. 2015 wurde eine neue Gruppe gegr\u00fcndet, die aus Eltern und den Jugendlichen ab 14 Jahre ein anderes Repertoire bereit h\u00e4lt &#8211; Gospels und Popmusik. Auch diese Gruppe ist bereits auf ca. 30 Mitglieder angewachsen, die in dem Konzert zeigten, dass sie Gospels und Spirituals gut beherrschen.<\/p>\n<p>Martina B\u00fcttner muss sich wohl im n\u00e4chsten Jahr etwas ausdenken, damit alle Kartenw\u00fcnsche auch in Erf\u00fcllung gehen k\u00f6nnen.<\/p>\n<p>Marlis Kr\u00e4gel<\/p>\n","protected":false},"excerpt":{"rendered":"<p>Am 09.12.2018 sangen die Rasselbande, der Kinder- und Jugendchor sowie das j\u00fcngste Ensemble der Chorgemeinschaft Eichwalde e.V. \u201eGosPop\u201c die Weihnachtszeit ein. Alte und neue Weihnachtslieder sowie und Gospels begeisterten die bis zum letzten Platz besetzte Patronatskirche, so dass nicht alle Kartenw\u00fcnsche erf\u00fcllt werden konnten. Erstmals wurde ein Weihnachtsmusical \u201eDer kleine Stern von Bethlehem\u201c von Gina &hellip; <\/p>\n<p class=\"link-more\"><a href=\"https:\/\/choreichwalde.de\/?p=1434\" class=\"more-link\"><span class=\"screen-reader-text\">\u201eWeihnacht kann kommen\u201c<\/span> weiterlesen<\/a><\/p>\n","protected":false},"author":1,"featured_media":0,"comment_status":"closed","ping_status":"closed","sticky":false,"template":"","format":"standard","meta":{"footnotes":""},"categories":[20,1,5],"tags":[],"class_list":["post-1434","post","type-post","status-publish","format-standard","hentry","category-gospop","category-uncategorized","category-kinder-und-jugendchor"],"_links":{"self":[{"href":"https:\/\/choreichwalde.de\/index.php?rest_route=\/wp\/v2\/posts\/1434","targetHints":{"allow":["GET"]}}],"collection":[{"href":"https:\/\/choreichwalde.de\/index.php?rest_route=\/wp\/v2\/posts"}],"about":[{"href":"https:\/\/choreichwalde.de\/index.php?rest_route=\/wp\/v2\/types\/post"}],"author":[{"embeddable":true,"href":"https:\/\/choreichwalde.de\/index.php?rest_route=\/wp\/v2\/users\/1"}],"replies":[{"embeddable":true,"href":"https:\/\/choreichwalde.de\/index.php?rest_route=%2Fwp%2Fv2%2Fcomments&post=1434"}],"version-history":[{"count":3,"href":"https:\/\/choreichwalde.de\/index.php?rest_route=\/wp\/v2\/posts\/1434\/revisions"}],"predecessor-version":[{"id":1458,"href":"https:\/\/choreichwalde.de\/index.php?rest_route=\/wp\/v2\/posts\/1434\/revisions\/1458"}],"wp:attachment":[{"href":"https:\/\/choreichwalde.de\/index.php?rest_route=%2Fwp%2Fv2%2Fmedia&parent=1434"}],"wp:term":[{"taxonomy":"category","embeddable":true,"href":"https:\/\/choreichwalde.de\/index.php?rest_route=%2Fwp%2Fv2%2Fcategories&post=1434"},{"taxonomy":"post_tag","embeddable":true,"href":"https:\/\/choreichwalde.de\/index.php?rest_route=%2Fwp%2Fv2%2Ftags&post=1434"}],"curies":[{"name":"wp","href":"https:\/\/api.w.org\/{rel}","templated":true}]}}