{"id":1297,"date":"2018-06-25T16:37:48","date_gmt":"2018-06-25T14:37:48","guid":{"rendered":"http:\/\/choreichwalde.de\/?p=1297"},"modified":"2018-06-29T22:51:18","modified_gmt":"2018-06-29T20:51:18","slug":"10-jahre-kinder-und-jugendchor","status":"publish","type":"post","link":"https:\/\/choreichwalde.de\/?p=1297","title":{"rendered":"10 Jahre Kinder- und Jugendchor"},"content":{"rendered":"<p>Der Kinder- und Jugendchor der Chorgemeinschaft Eichwalde e.V. pr\u00e4sentierte in seinem Festkonzert am 23.6.2018 anl\u00e4sslich seines 10j\u00e4hrigen Bestehens seine Lieder spritzig, frisch und mit augenscheinlicher Freude am Singen, ob nun Film- und Popsongs, Gospel oder Volkslieder gesungen wurden.<img loading=\"lazy\" decoding=\"async\" class=\"aligncenter wp-image-1306 size-large\" src=\"http:\/\/choreichwalde.de\/wp-content\/uploads\/2018\/06\/20180625_102308-1024x683.jpg\" alt=\"\" width=\"525\" height=\"350\" srcset=\"https:\/\/choreichwalde.de\/wp-content\/uploads\/2018\/06\/20180625_102308-1024x683.jpg 1024w, https:\/\/choreichwalde.de\/wp-content\/uploads\/2018\/06\/20180625_102308-300x200.jpg 300w, https:\/\/choreichwalde.de\/wp-content\/uploads\/2018\/06\/20180625_102308-768x512.jpg 768w, https:\/\/choreichwalde.de\/wp-content\/uploads\/2018\/06\/20180625_102308-272x182.jpg 272w, https:\/\/choreichwalde.de\/wp-content\/uploads\/2018\/06\/20180625_102308.jpg 2048w\" sizes=\"auto, (max-width: 525px) 100vw, 525px\" \/><\/p>\n<p>Klaus Sedl am Klavier, der ohne den Chor nicht mehr sein m\u00f6chte und der Chor nicht ohne ihn, begleitete sie. Unterst\u00fctzung hatte er bei manchen Songs von seinen Bandkollegen vom Trio SedlMood und der Band Petticoat.<\/p>\n<p>Als G\u00e4ste sangen der Paul-Dessau-Chor aus der Zeuthener Spezialschule im musikalisch-\u00e4sthetischen Bereich und dem Gospel-Popchor \u201cGosPop&#8220;, dem j\u00fcngsten Chor der Chorgemeinschaft.<img loading=\"lazy\" decoding=\"async\" class=\"aligncenter wp-image-1308 size-large\" src=\"http:\/\/choreichwalde.de\/wp-content\/uploads\/2018\/06\/20180625_102444-1024x683.jpg\" alt=\"\" width=\"525\" height=\"350\" srcset=\"https:\/\/choreichwalde.de\/wp-content\/uploads\/2018\/06\/20180625_102444-1024x683.jpg 1024w, https:\/\/choreichwalde.de\/wp-content\/uploads\/2018\/06\/20180625_102444-300x200.jpg 300w, https:\/\/choreichwalde.de\/wp-content\/uploads\/2018\/06\/20180625_102444-768x512.jpg 768w, https:\/\/choreichwalde.de\/wp-content\/uploads\/2018\/06\/20180625_102444-272x182.jpg 272w, https:\/\/choreichwalde.de\/wp-content\/uploads\/2018\/06\/20180625_102444.jpg 2048w\" sizes=\"auto, (max-width: 525px) 100vw, 525px\" \/><\/p>\n<p>Die offiziellen Gratulanten (Pr\u00e4sidium des BCV, Landrat Herr Loge, Frau Wei\u00df (Gemeinde \u00a0Eichwalde) und Chorvorstand Herr Reimann lobten die Leistung des Chores sowie die ehrenamtliche Arbeit der Chorleiterin Martina B\u00fcttner. Frau Sander (LMR) sorgte f\u00fcr eine gro\u00dfe \u00dcberraschung, denn sie w\u00fcrdigte Martina B\u00fcttner mit der goldenen Ehrennadel des Landesmusikrates Brandenburg f\u00fcr ihre engagierte musikalische Arbeit im Kinder- und Jugendbereich zur Freude aller Anwesenden.<\/p>\n<p>H\u00f6hepunkt war das GREASE Medley. Hierf\u00fcr tauchten die S\u00e4ngerInnen in die 50er Jahre ein\u00a0\u00a0 und kamen mit Lederjacke, Petticoat, Schmalztolle und Schleifchen auf die B\u00fchne. Viele Proben und Sonderproben f\u00fchrten zu einem \u00fcberzeugenden Ergebnis und wurden mit stehenden Applaus honoriert.<img loading=\"lazy\" decoding=\"async\" class=\"aligncenter wp-image-1307 size-large\" src=\"http:\/\/choreichwalde.de\/wp-content\/uploads\/2018\/06\/20180625_102353-1024x683.jpg\" alt=\"\" width=\"525\" height=\"350\" srcset=\"https:\/\/choreichwalde.de\/wp-content\/uploads\/2018\/06\/20180625_102353-1024x683.jpg 1024w, https:\/\/choreichwalde.de\/wp-content\/uploads\/2018\/06\/20180625_102353-300x200.jpg 300w, https:\/\/choreichwalde.de\/wp-content\/uploads\/2018\/06\/20180625_102353-768x512.jpg 768w, https:\/\/choreichwalde.de\/wp-content\/uploads\/2018\/06\/20180625_102353-272x182.jpg 272w, https:\/\/choreichwalde.de\/wp-content\/uploads\/2018\/06\/20180625_102353.jpg 2048w\" sizes=\"auto, (max-width: 525px) 100vw, 525px\" \/><\/p>\n<p>Herzlichen Gl\u00fcckwunsch zum 10. Geburtstag, Danke und macht weiter so!<\/p>\n<p>Marlis Kr\u00e4gel<\/p>\n<p>Ein Artikel in der MAZ:<\/p>\n<p><a href=\"http:\/\/www.maz-online.de\/Lokales\/Dahme-Spreewald\/Eichwalde\/Kinder-und-Jugendchor-Eichwalde-feiert-zehnjaehriges-Bestehen\" target=\"_blank\" rel=\"noopener\">http:\/\/www.maz-online.de\/Lokales\/Dahme-Spreewald\/Eichwalde\/Kinder-und-Jugendchor-Eichwalde-feiert-zehnjaehriges-Bestehen<\/a><\/p>\n","protected":false},"excerpt":{"rendered":"<p>Der Kinder- und Jugendchor der Chorgemeinschaft Eichwalde e.V. pr\u00e4sentierte in seinem Festkonzert am 23.6.2018 anl\u00e4sslich seines 10j\u00e4hrigen Bestehens seine Lieder spritzig, frisch und mit augenscheinlicher Freude am Singen, ob nun Film- und Popsongs, Gospel oder Volkslieder gesungen wurden. Klaus Sedl am Klavier, der ohne den Chor nicht mehr sein m\u00f6chte und der Chor nicht ohne &hellip; <\/p>\n<p class=\"link-more\"><a href=\"https:\/\/choreichwalde.de\/?p=1297\" class=\"more-link\"><span class=\"screen-reader-text\">\u201e10 Jahre Kinder- und Jugendchor\u201c<\/span> weiterlesen<\/a><\/p>\n","protected":false},"author":1,"featured_media":0,"comment_status":"closed","ping_status":"closed","sticky":false,"template":"","format":"standard","meta":{"footnotes":""},"categories":[5],"tags":[],"class_list":["post-1297","post","type-post","status-publish","format-standard","hentry","category-kinder-und-jugendchor"],"_links":{"self":[{"href":"https:\/\/choreichwalde.de\/index.php?rest_route=\/wp\/v2\/posts\/1297","targetHints":{"allow":["GET"]}}],"collection":[{"href":"https:\/\/choreichwalde.de\/index.php?rest_route=\/wp\/v2\/posts"}],"about":[{"href":"https:\/\/choreichwalde.de\/index.php?rest_route=\/wp\/v2\/types\/post"}],"author":[{"embeddable":true,"href":"https:\/\/choreichwalde.de\/index.php?rest_route=\/wp\/v2\/users\/1"}],"replies":[{"embeddable":true,"href":"https:\/\/choreichwalde.de\/index.php?rest_route=%2Fwp%2Fv2%2Fcomments&post=1297"}],"version-history":[{"count":9,"href":"https:\/\/choreichwalde.de\/index.php?rest_route=\/wp\/v2\/posts\/1297\/revisions"}],"predecessor-version":[{"id":1313,"href":"https:\/\/choreichwalde.de\/index.php?rest_route=\/wp\/v2\/posts\/1297\/revisions\/1313"}],"wp:attachment":[{"href":"https:\/\/choreichwalde.de\/index.php?rest_route=%2Fwp%2Fv2%2Fmedia&parent=1297"}],"wp:term":[{"taxonomy":"category","embeddable":true,"href":"https:\/\/choreichwalde.de\/index.php?rest_route=%2Fwp%2Fv2%2Fcategories&post=1297"},{"taxonomy":"post_tag","embeddable":true,"href":"https:\/\/choreichwalde.de\/index.php?rest_route=%2Fwp%2Fv2%2Ftags&post=1297"}],"curies":[{"name":"wp","href":"https:\/\/api.w.org\/{rel}","templated":true}]}}