{"id":1245,"date":"2018-06-14T22:08:30","date_gmt":"2018-06-14T20:08:30","guid":{"rendered":"http:\/\/choreichwalde.de\/?p=1245"},"modified":"2018-06-18T21:25:05","modified_gmt":"2018-06-18T19:25:05","slug":"des-chores-neue-kleider","status":"publish","type":"post","link":"https:\/\/choreichwalde.de\/?p=1245","title":{"rendered":"&#8230;des Chores neue Kleider"},"content":{"rendered":"<p>Nach vielen Jahren in Gr\u00fcn, tritt der gemischte Chor nun ab sofort in edlem Schwarz auf. Wer nicht bis zum n\u00e4chsten Konzert warten kann, erh\u00e4lt hier einen kleinen Eindruck. Weitere Fotos findet ihr auf der <a href=\"http:\/\/choreichwalde.de\/choere-und-gruppen\/gemischter-chor\/\">Seite des gemischten Chores<\/a>.<\/p>\n<p><img loading=\"lazy\" decoding=\"async\" class=\"wp-image-1194 aligncenter\" src=\"http:\/\/choreichwalde.de\/wp-content\/uploads\/2018\/06\/gemchoralle-300x187.jpg\" alt=\"\" width=\"664\" height=\"414\" srcset=\"https:\/\/choreichwalde.de\/wp-content\/uploads\/2018\/06\/gemchoralle-300x187.jpg 300w, https:\/\/choreichwalde.de\/wp-content\/uploads\/2018\/06\/gemchoralle-768x480.jpg 768w, https:\/\/choreichwalde.de\/wp-content\/uploads\/2018\/06\/gemchoralle-1024x640.jpg 1024w, https:\/\/choreichwalde.de\/wp-content\/uploads\/2018\/06\/gemchoralle.jpg 2048w\" sizes=\"auto, (max-width: 664px) 100vw, 664px\" \/><\/p>\n<p>Und hier zum Vergleich das alte Outfit nach dem letzten Auftritt im Mai:<\/p>\n<p><img loading=\"lazy\" decoding=\"async\" class=\" wp-image-1283 aligncenter\" src=\"http:\/\/choreichwalde.de\/wp-content\/uploads\/2018\/06\/Foto-9-300x198.jpg\" alt=\"\" width=\"580\" height=\"383\" srcset=\"https:\/\/choreichwalde.de\/wp-content\/uploads\/2018\/06\/Foto-9-300x198.jpg 300w, https:\/\/choreichwalde.de\/wp-content\/uploads\/2018\/06\/Foto-9-768x507.jpg 768w, https:\/\/choreichwalde.de\/wp-content\/uploads\/2018\/06\/Foto-9-1024x677.jpg 1024w, https:\/\/choreichwalde.de\/wp-content\/uploads\/2018\/06\/Foto-9.jpg 1500w\" sizes=\"auto, (max-width: 580px) 100vw, 580px\" \/><\/p>\n","protected":false},"excerpt":{"rendered":"<p>Nach vielen Jahren in Gr\u00fcn, tritt der gemischte Chor nun ab sofort in edlem Schwarz auf. Wer nicht bis zum n\u00e4chsten Konzert warten kann, erh\u00e4lt hier einen kleinen Eindruck. Weitere Fotos findet ihr auf der Seite des gemischten Chores. Und hier zum Vergleich das alte Outfit nach dem letzten Auftritt im Mai:<\/p>\n","protected":false},"author":1,"featured_media":0,"comment_status":"closed","ping_status":"closed","sticky":false,"template":"","format":"standard","meta":{"footnotes":""},"categories":[1],"tags":[],"class_list":["post-1245","post","type-post","status-publish","format-standard","hentry","category-uncategorized"],"_links":{"self":[{"href":"https:\/\/choreichwalde.de\/index.php?rest_route=\/wp\/v2\/posts\/1245","targetHints":{"allow":["GET"]}}],"collection":[{"href":"https:\/\/choreichwalde.de\/index.php?rest_route=\/wp\/v2\/posts"}],"about":[{"href":"https:\/\/choreichwalde.de\/index.php?rest_route=\/wp\/v2\/types\/post"}],"author":[{"embeddable":true,"href":"https:\/\/choreichwalde.de\/index.php?rest_route=\/wp\/v2\/users\/1"}],"replies":[{"embeddable":true,"href":"https:\/\/choreichwalde.de\/index.php?rest_route=%2Fwp%2Fv2%2Fcomments&post=1245"}],"version-history":[{"count":5,"href":"https:\/\/choreichwalde.de\/index.php?rest_route=\/wp\/v2\/posts\/1245\/revisions"}],"predecessor-version":[{"id":1288,"href":"https:\/\/choreichwalde.de\/index.php?rest_route=\/wp\/v2\/posts\/1245\/revisions\/1288"}],"wp:attachment":[{"href":"https:\/\/choreichwalde.de\/index.php?rest_route=%2Fwp%2Fv2%2Fmedia&parent=1245"}],"wp:term":[{"taxonomy":"category","embeddable":true,"href":"https:\/\/choreichwalde.de\/index.php?rest_route=%2Fwp%2Fv2%2Fcategories&post=1245"},{"taxonomy":"post_tag","embeddable":true,"href":"https:\/\/choreichwalde.de\/index.php?rest_route=%2Fwp%2Fv2%2Ftags&post=1245"}],"curies":[{"name":"wp","href":"https:\/\/api.w.org\/{rel}","templated":true}]}}